{"id":59316,"date":"2020-07-22T21:55:39","date_gmt":"2020-07-22T19:55:39","guid":{"rendered":"https:\/\/www.brennerbasisdemokratie.eu\/?p=59316"},"modified":"2025-10-17T11:48:18","modified_gmt":"2025-10-17T09:48:18","slug":"meran-cadorna-bleibt","status":"publish","type":"post","link":"https:\/\/www.brennerbasisdemokratie.eu\/?p=59316","title":{"rendered":"Meran: Cadorna bleibt."},"content":{"rendered":"<p>Drei Stimmen haben heute Abend im Meraner Gemeinderat zur <a title=\"Merano, via Cadorna?\" href=\"https:\/\/www.brennerbasisdemokratie.eu\/?p=59182\" rel=\"\">Umbenennung der Cadornastra\u00dfe<\/a> gefehlt. Das ist zutiefst besch\u00e4mend. Eine Zweidrittelmehrheit w\u00e4re n\u00f6tig gewesen, um die Stra\u00dfe <a title=\"CDEC: Elena Stern De Salvo.\" href=\"http:\/\/digital-library.cdec.it\/cdec-web\/persone\/detail\/person-1740\/de-salvo-elena.html\" target=\"_blank\" rel=\"noopener noreferrer\">Elena Stern De Salvo<\/a> zu widmen, einem in Auschwitz ermordeten j\u00fcdischen M\u00e4dchen aus der Passerstadt: 20 Stimmen, doch schlussendlich fanden sich nur 17. Gemeinderat David Augscheller von der <em>\u00d6kosozialen Linken,<\/em> der den Umbenennungsvorschlag eingebracht hatte, f\u00fchrt das Scheitern auf den beginnenden Gemeinderatswahlkampf zur\u00fcck. Ein 2018 begonnenes, m\u00fchsames Unterfangen nimmt somit ein j\u00e4hes Ende.<\/p>\n<p>Viele Gemeinderatsmitglieder glauben offenbar, eher mit einem blutr\u00fcnstigen Kriegstreiber zu punkten, als mit dem Gedenken an ein Holocaustopfer. Die Passerstadt vergibt damit eine riesengro\u00dfe Chance.<\/p>\n<p>Detail am Rande: Der <em>Corriere<\/em> <a title=\"Pressreader\/Corriere.\" href=\"https:\/\/www.pressreader.com\/italy\/corriere-dellalto-adige\/20200721\/281565178074862\" target=\"_blank\" rel=\"noopener noreferrer\">hatte noch gestern die \u00bbgeschmackvolle\u00ab Idee<\/a>, eine Politikerin der faschistischen <abbr title=\"Movimento Sociale Italiano\">MSI<\/abbr> als Alternative zu Stern De Salvo vorzuschlagen.<\/p>\n<p><strong>Nachtrag vom 23. Juli 2020:<\/strong> Laut David Augscheller haben letztendlich vor allem die Stimmen der <abbr title=\"S\u00fcdtiroler Volkspartei\">SVP<\/abbr> gefehlt. Die Partei bereite sich schon l\u00e4nger auf eine m\u00f6gliche Koalition mit den italienischen Rechten vor.<\/p>\n<p><strong><span style=\"font-family: Helvetica, Arial, sans-serif; text-transform: uppercase;\">C\u00ebla enghe:<\/span><\/strong> <a title=\"Augscheller kn\u00f6pft sich Cadorna vor.\" href=\"https:\/\/www.brennerbasisdemokratie.eu\/?p=37398\"><code>01<\/code><\/a> <a title=\"Le \u00abbelle\u00bb disquisizioni su Cadorna.\" href=\"https:\/\/www.brennerbasisdemokratie.eu\/?p=25836\"><code>02<\/code><\/a> <a title=\"Kulturpessimistische Bewahrungsfraktion.\" href=\"https:\/\/www.brennerbasisdemokratie.eu\/?p=59066\"><code>03<\/code><\/a> <a title=\"Josef Eduard Ploner ade.\" href=\"https:\/\/www.brennerbasisdemokratie.eu\/?p=16959\"><code>04<\/code><\/a> <a title=\"Lleida cancella l\u2019odonomastica franchista.\" href=\"https:\/\/www.brennerbasisdemokratie.eu\/?p=54503\"><code>05<\/code><\/a> <a title=\"Stra\u00dfenreinigung in Rom.\" href=\"https:\/\/www.brennerbasisdemokratie.eu\/?p=38669\"><code>06<\/code><\/a>&nbsp;<span style=\"font-family: Helvetica, Arial, sans-serif; font-weight: normal;\">||<\/span> <a title=\"Eine Topographie des Grauens.\" href=\"https:\/\/www.brennerbasisdemokratie.eu\/?p=63617\"><span style=\"color: #ff8c00\"><code>01<\/code><\/span><\/a> <a title=\"Cadornastra\u00dfe symbolisch umbenannt.\" href=\"https:\/\/www.brennerbasisdemokratie.eu\/?p=70063\" rel=\"\"><span style=\"color:#ff8c00; text-decoration:underline; text-decoration-color:#ff8c00; text-decoration-thickness:3px;\"><code>02<\/code><\/span><\/a> <span style=\"font-family: Helvetica, Arial, sans-serif; font-weight: normal;\">||<\/span> <a title=\"TdG: Cadornastra\u00dfe (Meran).\" href=\"https:\/\/umap.openstreetmap.fr\/de\/map\/topographie-des-grauens-topografia-degli-orrori_564738?feature=Luigi-Cadorna-Stra%C3%9Fe%20(Meran)#15\/46.6586\/11.1628\" target=\"_blank\" rel=\"noopener\"><span class=\"loc-icon\"><\/span><\/a><\/p>","protected":false},"excerpt":{"rendered":"<p>Drei Stimmen haben heute Abend im Meraner Gemeinderat zur Umbenennung der Cadornastra\u00dfe gefehlt. Das ist zutiefst besch\u00e4mend. Eine Zweidrittelmehrheit w\u00e4re n\u00f6tig gewesen, um die Stra\u00dfe Elena Stern De Salvo zu widmen, einem in Auschwitz ermordeten j\u00fcdischen M\u00e4dchen aus der Passerstadt: 20 Stimmen, doch schlussendlich fanden sich nur 17. Gemeinderat David Augscheller von der \u00d6kosozialen Linken, [&hellip;]<\/p>","protected":false},"author":1,"featured_media":0,"comment_status":"open","ping_status":"open","sticky":false,"template":"","format":"standard","meta":{"_crdt_document":"","ngg_post_thumbnail":0,"_jetpack_memberships_contains_paid_content":false,"footnotes":""},"categories":[1],"tags":[],"class_list":["post-59316","post","type-post","status-publish","format-standard","hentry","category-allgemein","entity-gemeinde-meran","entity-msi","entity-svp","issue-gemeindewahl-2020","issue-geschichtsaufarbeitung","location-sudtirolo","language-deutsch","medium-corriere","person-david-augscheller","topic-faschismen","topic-militar","topic-ortsnamen","topic-politik"],"jetpack_featured_media_url":"","jetpack_sharing_enabled":true,"_links":{"self":[{"href":"https:\/\/www.brennerbasisdemokratie.eu\/index.php?rest_route=\/wp\/v2\/posts\/59316","targetHints":{"allow":["GET"]}}],"collection":[{"href":"https:\/\/www.brennerbasisdemokratie.eu\/index.php?rest_route=\/wp\/v2\/posts"}],"about":[{"href":"https:\/\/www.brennerbasisdemokratie.eu\/index.php?rest_route=\/wp\/v2\/types\/post"}],"author":[{"embeddable":true,"href":"https:\/\/www.brennerbasisdemokratie.eu\/index.php?rest_route=\/wp\/v2\/users\/1"}],"replies":[{"embeddable":true,"href":"https:\/\/www.brennerbasisdemokratie.eu\/index.php?rest_route=%2Fwp%2Fv2%2Fcomments&post=59316"}],"version-history":[{"count":20,"href":"https:\/\/www.brennerbasisdemokratie.eu\/index.php?rest_route=\/wp\/v2\/posts\/59316\/revisions"}],"predecessor-version":[{"id":95427,"href":"https:\/\/www.brennerbasisdemokratie.eu\/index.php?rest_route=\/wp\/v2\/posts\/59316\/revisions\/95427"}],"wp:attachment":[{"href":"https:\/\/www.brennerbasisdemokratie.eu\/index.php?rest_route=%2Fwp%2Fv2%2Fmedia&parent=59316"}],"wp:term":[{"taxonomy":"category","embeddable":true,"href":"https:\/\/www.brennerbasisdemokratie.eu\/index.php?rest_route=%2Fwp%2Fv2%2Fcategories&post=59316"},{"taxonomy":"post_tag","embeddable":true,"href":"https:\/\/www.brennerbasisdemokratie.eu\/index.php?rest_route=%2Fwp%2Fv2%2Ftags&post=59316"}],"curies":[{"name":"wp","href":"https:\/\/api.w.org\/{rel}","templated":true}]}}