{"id":59648,"date":"2020-08-11T15:44:08","date_gmt":"2020-08-11T13:44:08","guid":{"rendered":"https:\/\/www.brennerbasisdemokratie.eu\/?p=59648"},"modified":"2020-08-11T15:55:05","modified_gmt":"2020-08-11T13:55:05","slug":"belarus-und-sudtirolo","status":"publish","type":"post","link":"https:\/\/www.brennerbasisdemokratie.eu\/?p=59648","title":{"rendered":"Belarus\u2026 und Sudtirolo."},"content":{"rendered":"<p>Bezeichnungen beschreiben die Realit\u00e4t nicht nur, sie pr\u00e4gen sie auch aktiv mit. K\u00fcrzlich haben Nachrichtenagenturen und Medien im deutschsprachigen Raum relativ einheitlich und konsequent begonnen, vom Namen \u00bbWei\u00dfrussland\u00ab (sowie \u00bbwei\u00dfrussisch\u00ab) Abstand zu nehmen, um stattdessen von \u00bbBelarus\u00ab (sowie \u00bbbelarusisch\u00ab \u2014 konsequenterweise mit einfachem \u00bbs\u00ab) zu sprechen und zu schreiben. Speziell im Zusammenhang mit den am Wochenende stattgefundenen Wahlen und den daraufhin begonnenen Protesten in dem Land.<\/p>\n<p>Das hat Gr\u00fcnde: W\u00e4hrend \u00bbWei\u00dfrussland\u00ab nahelegen k\u00f6nnte, dass es sich bei dem Land um einen Teil von Russland handelt, ist dies bei der Bezeichnung \u00bbBelarus\u00ab nicht der Fall. Sie bezieht sich nicht auf das deutlich gr\u00f6\u00dfere Nachbarland, sondern auf die <a title=\"Wiki: Rus.\" href=\"https:\/\/de.wikipedia.org\/wiki\/Rus\" target=\"_blank\" rel=\"noopener noreferrer\">Rus<\/a>, ein historisches Gebiet, auf dem die Kiewer Rus zur Vorl\u00e4uferin der heutigen Staaten Russland, Ukraine und Belarus wurde.<\/p>\n<p>Inwiefern ist das von Bedeutung? Einerseits ist \u00bbBelarus\u00ab einfach die korrektere Bezeichnung, andererseits macht der Bezug auf die Rus aus Russland, Ukraine und Belarus gleichwertige Staaten \u2014 w\u00e4hrend \u00bbWei\u00dfrussland\u00ab eine Hierarchie herstellt und gegebenenfalls sogar zur Legitimierung eines allf\u00e4lligen Anspruchs von Russland auf Belarus beitragen.<\/p>\n<p>Alternativ zu \u00bbBelarus\u00ab w\u00e4re im Deutschen auch der R\u00fcckgriff auf die exonyme Bezeichnung \u00bbWei\u00dfruthenien\u00ab denkbar, da \u00bbBela\u00ab tats\u00e4chlich \u00bbwei\u00df\u00ab bedeutet und \u00bbRuthenien\u00ab die historische deutsche Bezeichnung f\u00fcr die \u00bbRus\u00ab ist. Allerdings ist \u00bbRuthenien\u00ab auch historisch vorbelastet.<\/p>\n<p>Wir in S\u00fcdtirol sind mit einer Landesbezeichnung konfrontiert, die ausdr\u00fccklich dazu gedacht war, Hierarchien, Abh\u00e4ngigkeiten und Zugeh\u00f6rigkeit zu \u00bberschaffen\u00ab und zu legitimieren. Genauso wie im Fall von Belarus sollten wir uns bewusst \u00fcberlegen, ob wir im italienischen (oder gar im englischen) Sprachgebrauch tats\u00e4chlich \u00bbAlto Adige\u00ab sagen und schreiben \u2014 oder lieber auf \u00bbSudtirolo\u00ab (\u00bbSouth Tyrol\u00ab) setzen \u2014 wollen.<\/p>\n<p>Eine neutrale Entscheidung ist das nicht, ganz im Gegenteil.<\/p>\n<p><strong><span style=\"font-family: Helvetica, Arial, sans-serif; text-transform: uppercase;\">C\u00ebla enghe:<\/span><\/strong> <a title=\"Volkstumspolitik.\" href=\"https:\/\/www.brennerbasisdemokratie.eu\/?p=42374\"><code>01<\/code><\/a> <a title=\"A. Adige klingt besser &amp; melodischer.\" href=\"https:\/\/www.brennerbasisdemokratie.eu\/?p=51532\"><code>02<\/code><\/a> <a title=\"Autogenes Training f\u00fcr S\u00fcdtirol.\" href=\"https:\/\/www.brennerbasisdemokratie.eu\/?p=89\"><code>03<\/code><\/a> <a title=\"Brigitte Foppas merkw\u00fcrdige Wahlfreiheit.\" href=\"https:\/\/www.brennerbasisdemokratie.eu\/?p=21222\"><code>04<\/code><\/a> <a title=\"Anc\u00f3ra Sudtirolo.\" href=\"https:\/\/www.brennerbasisdemokratie.eu\/?p=38988\"><code>05<\/code><\/a> <a title=\"Landesbezeichnung, \u00bbfigurative\u00ab Politik.\" href=\"https:\/\/www.brennerbasisdemokratie.eu\/?p=51795\"><code>06<\/code><\/a><\/p>","protected":false},"excerpt":{"rendered":"<p>Bezeichnungen beschreiben die Realit\u00e4t nicht nur, sie pr\u00e4gen sie auch aktiv mit. K\u00fcrzlich haben Nachrichtenagenturen und Medien im deutschsprachigen Raum relativ einheitlich und konsequent begonnen, vom Namen \u00bbWei\u00dfrussland\u00ab (sowie \u00bbwei\u00dfrussisch\u00ab) Abstand zu nehmen, um stattdessen von \u00bbBelarus\u00ab (sowie \u00bbbelarusisch\u00ab \u2014 konsequenterweise mit einfachem \u00bbs\u00ab) zu sprechen und zu schreiben. Speziell im Zusammenhang mit den am [&hellip;]<\/p>","protected":false},"author":1,"featured_media":0,"comment_status":"open","ping_status":"open","sticky":false,"template":"","format":"standard","meta":{"_crdt_document":"","ngg_post_thumbnail":0,"_jetpack_memberships_contains_paid_content":false,"footnotes":""},"categories":[1],"tags":[],"class_list":["post-59648","post","type-post","status-publish","format-standard","hentry","category-allgemein","location-russia","location-sudtirolo","location-ukraine","language-deutsch","topic-aussendarstellung","topic-kohasion","topic-lingaz","topic-medien","topic-ortsnamen"],"jetpack_featured_media_url":"","jetpack_sharing_enabled":true,"_links":{"self":[{"href":"https:\/\/www.brennerbasisdemokratie.eu\/index.php?rest_route=\/wp\/v2\/posts\/59648","targetHints":{"allow":["GET"]}}],"collection":[{"href":"https:\/\/www.brennerbasisdemokratie.eu\/index.php?rest_route=\/wp\/v2\/posts"}],"about":[{"href":"https:\/\/www.brennerbasisdemokratie.eu\/index.php?rest_route=\/wp\/v2\/types\/post"}],"author":[{"embeddable":true,"href":"https:\/\/www.brennerbasisdemokratie.eu\/index.php?rest_route=\/wp\/v2\/users\/1"}],"replies":[{"embeddable":true,"href":"https:\/\/www.brennerbasisdemokratie.eu\/index.php?rest_route=%2Fwp%2Fv2%2Fcomments&post=59648"}],"version-history":[{"count":5,"href":"https:\/\/www.brennerbasisdemokratie.eu\/index.php?rest_route=\/wp\/v2\/posts\/59648\/revisions"}],"predecessor-version":[{"id":59669,"href":"https:\/\/www.brennerbasisdemokratie.eu\/index.php?rest_route=\/wp\/v2\/posts\/59648\/revisions\/59669"}],"wp:attachment":[{"href":"https:\/\/www.brennerbasisdemokratie.eu\/index.php?rest_route=%2Fwp%2Fv2%2Fmedia&parent=59648"}],"wp:term":[{"taxonomy":"category","embeddable":true,"href":"https:\/\/www.brennerbasisdemokratie.eu\/index.php?rest_route=%2Fwp%2Fv2%2Fcategories&post=59648"},{"taxonomy":"post_tag","embeddable":true,"href":"https:\/\/www.brennerbasisdemokratie.eu\/index.php?rest_route=%2Fwp%2Fv2%2Ftags&post=59648"}],"curies":[{"name":"wp","href":"https:\/\/api.w.org\/{rel}","templated":true}]}}