{"id":5968,"date":"2010-09-01T13:12:00","date_gmt":"2010-09-01T11:12:00","guid":{"rendered":"http:\/\/www.brennerbasisdemokratie.eu\/?p=5968"},"modified":"2021-06-21T12:19:51","modified_gmt":"2021-06-21T10:19:51","slug":"grune-gedachtnis-statt-missbrauch","status":"publish","type":"post","link":"https:\/\/www.brennerbasisdemokratie.eu\/?p=5968","title":{"rendered":"Gr\u00fcne: Ged\u00e4chtnis statt Missbrauch!"},"content":{"rendered":"<p style=\"text-align: center;\"><img loading=\"lazy\" decoding=\"async\" class=\"aligncenter\" src=\"http:\/\/upload.wikimedia.org\/wikipedia\/commons\/thumb\/0\/08\/SiegesdenkmalBZ.jpg\/800px-SiegesdenkmalBZ.jpg\" alt=\"\" width=\"448\" height=\"298\" \/><\/p>\n<p>In einer Stellungnahme \u00e4u\u00dfern sich die Landesvorsitzenden der <em>Gr\u00fcnen<\/em> heute zum Umgang mit dem Siegesdenkmal in Bozen.<\/p>\n<blockquote><p>Wir Gr\u00fcne erinnern daran, dass wir seit Jahren mit dem Vorschlag des Ged\u00e4chtnisparcours in Bozen auf taube Ohren sto\u00dfen \u2014 dabei w\u00e4re dies der einzige Weg, Frieden mit dem Denkmal zu schlie\u00dfen. Der Sinn ist es, das Denkmal zu erkl\u00e4ren (dazu reichen die derzeitigen, winzigen und kaum sichtbare Tafeln nicht aus!) und seine Geschichte allen BoznerInnen, S\u00fcdtirolerInnen und TouristInnen zu erschlie\u00dfen. Bozen hat als Stadt zweier Faschismen eine einzigartige Architektur und urbanistische Struktur. Diese muss verst\u00e4ndlich gemacht werden \u2013 m\u00f6glicherweise in einer Art Freilichtmuseum. Das Denkmal ist das, was wir daraus machen. Es kann als Zeichen und Zeugnis unserer aller leidvoller Geschichte gesehen werden.<\/p>\n<p>Es kann aber auch missbraucht werden \u2014 zum Beispiel, wenn es weiterhin als Ort der Verherrlichung des Faschismus dient oder andererseits f\u00fcr die Fortschreibung der einseitigen Opferrolle der deutschsprachigen S\u00fcdtiroler benutzt wird.<\/p>\n<p>Wir fordern daher erneut auf, das Projekt \u201cBozen als Europ\u00e4ische Stadt der Erinnerungen\u201d aufzugreifen und die Diskussion um das Siegesdenkmal endlich zu versachlichen.<\/p><\/blockquote>\n<p><strong><span style=\"font-family: Helvetica, Arial, sans-serif; text-transform: uppercase;\">C\u00ebla enghe:<\/span><\/strong> <a title=\"Bozen \u2014 Stadt der Erinnerung.\" href=\"http:\/\/www.brennerbasisdemokratie.eu\/?p=2115\" target=\"_self\" rel=\"noopener noreferrer\"><code>01<\/code><\/a> <a title=\"Postcolonial Italy \u2013 Mapping Colonial Heritage.\" href=\"https:\/\/www.brennerbasisdemokratie.eu\/?p=58321\"><span style=\"color: #ff8c00\"><code>02<\/code><\/span><\/a><\/p>\n<p><small><em>Foto: Wikipedia\/Hubert Berberich.<\/em><\/small><\/p>","protected":false},"excerpt":{"rendered":"<p>In einer Stellungnahme \u00e4u\u00dfern sich die Landesvorsitzenden der Gr\u00fcnen heute zum Umgang mit dem Siegesdenkmal in Bozen. Wir Gr\u00fcne erinnern daran, dass wir seit Jahren mit dem Vorschlag des Ged\u00e4chtnisparcours in Bozen auf taube Ohren sto\u00dfen \u2014 dabei w\u00e4re dies der einzige Weg, Frieden mit dem Denkmal zu schlie\u00dfen. Der Sinn ist es, das Denkmal [&hellip;]<\/p>","protected":false},"author":1,"featured_media":0,"comment_status":"open","ping_status":"open","sticky":false,"template":"","format":"standard","meta":{"_crdt_document":"","ngg_post_thumbnail":0,"_jetpack_memberships_contains_paid_content":false,"footnotes":""},"categories":[1],"tags":[],"class_list":["post-5968","post","type-post","status-publish","format-standard","hentry","category-allgemein","entity-verc","issue-faschistische-relikte","issue-geschichtsaufarbeitung","issue-zitac","location-sudtirolo","language-deutsch","topic-arch","topic-faschismen","topic-geschichte","topic-politik"],"jetpack_featured_media_url":"","jetpack_sharing_enabled":true,"_links":{"self":[{"href":"https:\/\/www.brennerbasisdemokratie.eu\/index.php?rest_route=\/wp\/v2\/posts\/5968","targetHints":{"allow":["GET"]}}],"collection":[{"href":"https:\/\/www.brennerbasisdemokratie.eu\/index.php?rest_route=\/wp\/v2\/posts"}],"about":[{"href":"https:\/\/www.brennerbasisdemokratie.eu\/index.php?rest_route=\/wp\/v2\/types\/post"}],"author":[{"embeddable":true,"href":"https:\/\/www.brennerbasisdemokratie.eu\/index.php?rest_route=\/wp\/v2\/users\/1"}],"replies":[{"embeddable":true,"href":"https:\/\/www.brennerbasisdemokratie.eu\/index.php?rest_route=%2Fwp%2Fv2%2Fcomments&post=5968"}],"version-history":[{"count":9,"href":"https:\/\/www.brennerbasisdemokratie.eu\/index.php?rest_route=\/wp\/v2\/posts\/5968\/revisions"}],"predecessor-version":[{"id":66541,"href":"https:\/\/www.brennerbasisdemokratie.eu\/index.php?rest_route=\/wp\/v2\/posts\/5968\/revisions\/66541"}],"wp:attachment":[{"href":"https:\/\/www.brennerbasisdemokratie.eu\/index.php?rest_route=%2Fwp%2Fv2%2Fmedia&parent=5968"}],"wp:term":[{"taxonomy":"category","embeddable":true,"href":"https:\/\/www.brennerbasisdemokratie.eu\/index.php?rest_route=%2Fwp%2Fv2%2Fcategories&post=5968"},{"taxonomy":"post_tag","embeddable":true,"href":"https:\/\/www.brennerbasisdemokratie.eu\/index.php?rest_route=%2Fwp%2Fv2%2Ftags&post=5968"}],"curies":[{"name":"wp","href":"https:\/\/api.w.org\/{rel}","templated":true}]}}