{"id":59823,"date":"2020-08-23T17:54:49","date_gmt":"2020-08-23T15:54:49","guid":{"rendered":"https:\/\/www.brennerbasisdemokratie.eu\/?p=59823"},"modified":"2025-06-11T13:32:39","modified_gmt":"2025-06-11T11:32:39","slug":"anton-wilhelm-amo-strase","status":"publish","type":"post","link":"https:\/\/www.brennerbasisdemokratie.eu\/?p=59823","title":{"rendered":"Anton-Wilhelm-Amo-Stra\u00dfe."},"content":{"rendered":"<p>Am vergangenen Donnerstag (20. August) hat die Bezirksverordnetenversammlung (BVV) des Stadtteils Berlin Mitte die Umbenennung der M*****stra\u00dfe beschlossen.<\/p>\n<p>Bereits Anfang Juli <a title=\"N\u00e4chster Halt: Glinkastra\u00dfe.\" href=\"https:\/\/www.brennerbasisdemokratie.eu\/?p=58409\">hatten die <em>Berliner Verkehrsbetriebe<\/em> (BVG) angek\u00fcndigt<\/a>, der gleichnamige U-Bahnhof werde bald den Namen der nahegelegenen Glinkastra\u00dfe tragen. Doch schnell wurde klar, dass auch das ein Fehlgriff war: Der russische Komponist Michail Iwanowitsch Glinka war selbst Nationalist und Antisemit.<\/p>\n<p>Nun wird also nicht nur die Station, sondern gleich die ganze Stra\u00dfe umbenannt: in Anton-Wilhelm-Amo-Stra\u00dfe. Amo war im 18. Jahrhundert der erste Philosoph und Gelehrte afrikanischer Herkunft im heutigen Deutschland. Der Entscheid fiel klar, aber nicht einstimmig: CDU und AfD bef\u00fcrworteten die Beibehaltung der als diskriminierend empfundenen Benennung. SPD, <em>Linke<\/em> und <em>Gr\u00fcne<\/em> zogen die Sache aber durch.<\/p>\n<p><strong>P. S.:<\/strong> In S\u00fcdtirol m\u00fcssten wir uns wom\u00f6glich dar\u00fcber unterhalten, ob nicht <em>Mohrenstra\u00dfe<\/em> <a title=\"A. Adige klingt besser &amp; melodischer.\" href=\"https:\/\/www.brennerbasisdemokratie.eu\/?p=51532\">besser und melodischer klingt.<\/a><\/p>\n<p><strong><span style=\"font-family: Helvetica, Arial, sans-serif; text-transform: uppercase;\">C\u00ebla enghe:<\/span><\/strong> <a title=\"Cadorna: Welch unw\u00fcrdiges Schauspiel!\" href=\"https:\/\/www.brennerbasisdemokratie.eu\/?p=59478\"><code>01<\/code><\/a> <a title=\"Die N****h\u00fctte ist nicht mehr.\" href=\"https:\/\/www.brennerbasisdemokratie.eu\/?p=58228\"><code>02<\/code><\/a> <a title=\"Kulturpessimistische Bewahrungsfraktion.\" href=\"https:\/\/www.brennerbasisdemokratie.eu\/?p=59066\"><code>03<\/code><\/a> <a title=\"Josef Eduard Ploner ade.\" href=\"https:\/\/www.brennerbasisdemokratie.eu\/?p=16959\"><code>04<\/code><\/a><\/p>","protected":false},"excerpt":{"rendered":"<p>Am vergangenen Donnerstag (20. August) hat die Bezirksverordnetenversammlung (BVV) des Stadtteils Berlin Mitte die Umbenennung der M*****stra\u00dfe beschlossen. Bereits Anfang Juli hatten die Berliner Verkehrsbetriebe (BVG) angek\u00fcndigt, der gleichnamige U-Bahnhof werde bald den Namen der nahegelegenen Glinkastra\u00dfe tragen. Doch schnell wurde klar, dass auch das ein Fehlgriff war: Der russische Komponist Michail Iwanowitsch Glinka war [&hellip;]<\/p>","protected":false},"author":1,"featured_media":0,"comment_status":"open","ping_status":"open","sticky":false,"template":"","format":"standard","meta":{"_crdt_document":"","ngg_post_thumbnail":0,"_jetpack_memberships_contains_paid_content":false,"footnotes":""},"categories":[1],"tags":[],"class_list":["post-59823","post","type-post","status-publish","format-standard","hentry","category-allgemein","entity-afd","entity-cdu-csu","entity-die-linke","entity-spd","entity-verc","issue-geschichtsaufarbeitung","issue-good-news","location-deutschland","language-deutsch","topic-antisemitismus","topic-ortsnamen","topic-politik","topic-racism"],"jetpack_featured_media_url":"","jetpack_sharing_enabled":true,"_links":{"self":[{"href":"https:\/\/www.brennerbasisdemokratie.eu\/index.php?rest_route=\/wp\/v2\/posts\/59823","targetHints":{"allow":["GET"]}}],"collection":[{"href":"https:\/\/www.brennerbasisdemokratie.eu\/index.php?rest_route=\/wp\/v2\/posts"}],"about":[{"href":"https:\/\/www.brennerbasisdemokratie.eu\/index.php?rest_route=\/wp\/v2\/types\/post"}],"author":[{"embeddable":true,"href":"https:\/\/www.brennerbasisdemokratie.eu\/index.php?rest_route=\/wp\/v2\/users\/1"}],"replies":[{"embeddable":true,"href":"https:\/\/www.brennerbasisdemokratie.eu\/index.php?rest_route=%2Fwp%2Fv2%2Fcomments&post=59823"}],"version-history":[{"count":9,"href":"https:\/\/www.brennerbasisdemokratie.eu\/index.php?rest_route=\/wp\/v2\/posts\/59823\/revisions"}],"predecessor-version":[{"id":60140,"href":"https:\/\/www.brennerbasisdemokratie.eu\/index.php?rest_route=\/wp\/v2\/posts\/59823\/revisions\/60140"}],"wp:attachment":[{"href":"https:\/\/www.brennerbasisdemokratie.eu\/index.php?rest_route=%2Fwp%2Fv2%2Fmedia&parent=59823"}],"wp:term":[{"taxonomy":"category","embeddable":true,"href":"https:\/\/www.brennerbasisdemokratie.eu\/index.php?rest_route=%2Fwp%2Fv2%2Fcategories&post=59823"},{"taxonomy":"post_tag","embeddable":true,"href":"https:\/\/www.brennerbasisdemokratie.eu\/index.php?rest_route=%2Fwp%2Fv2%2Ftags&post=59823"}],"curies":[{"name":"wp","href":"https:\/\/api.w.org\/{rel}","templated":true}]}}