{"id":59982,"date":"2020-08-28T18:18:11","date_gmt":"2020-08-28T16:18:11","guid":{"rendered":"https:\/\/www.brennerbasisdemokratie.eu\/?p=59982"},"modified":"2024-09-14T22:23:38","modified_gmt":"2024-09-14T20:23:38","slug":"amt-fur-landessprachen-und-burgerrechte","status":"publish","type":"post","link":"https:\/\/www.brennerbasisdemokratie.eu\/?p=59982","title":{"rendered":"Amt f\u00fcr Landessprachen und B\u00fcrgerrechte."},"content":{"rendered":"<p>Im Juli 2019 hatte sich die <abbr title=\"S\u00fcdtiroler Volkspartei\">SVP<\/abbr> <a title=\"Landtag f\u00fcr Schaffung einer Sprachstelle.\" href=\"https:\/\/www.brennerbasisdemokratie.eu\/?p=50275\">eine Tagesordnung der <em>Freiheitlichen<\/em> zueigen gemacht<\/a>, mit der die Schaffung einer handlungsstarken <a title=\"Das Land braucht eine (echte) Sprachstelle!\" href=\"https:\/\/www.brennerbasisdemokratie.eu\/?p=34390\">Sprachstelle<\/a> gefordert wurde. Nun wurde sie \u2014 unspektakul\u00e4r \u2014 als <em>Amt f\u00fcr Landessprachen und B\u00fcrgerrechte<\/em> (AfLB) eingerichtet:<\/p>\n<blockquote><p><img loading=\"lazy\" decoding=\"async\" class=\"aligncenter size-full wp-image-59984\" src=\"https:\/\/www.brennerbasisdemokratie.eu\/wp-content\/uploads\/2020\/08\/amt_landessprachen_buergerrechte.png\" alt=\"\" width=\"900\" height=\"590\" srcset=\"https:\/\/www.brennerbasisdemokratie.eu\/wp-content\/uploads\/2020\/08\/amt_landessprachen_buergerrechte.png 900w, https:\/\/www.brennerbasisdemokratie.eu\/wp-content\/uploads\/2020\/08\/amt_landessprachen_buergerrechte-768x503.png 768w\" sizes=\"auto, (max-width: 900px) 100vw, 900px\" \/><\/p><\/blockquote>\n<p><small><em>Ausschnitt Kontaktseite<\/em><\/small><\/p>\n<p>Das AfLB ist direkt beim Pr\u00e4sidium \u2014 also beim Landeshauptmann \u2014 angesiedelt und hat derzeit vier Mitarbeiterinnen. Geleitet wird sie vom ehemaligen Schulamtsleiter Peter H\u00f6llrigl.<\/p>\n<p>Die im Internet aufgez\u00e4hlten Zust\u00e4ndigkeiten sind:<\/p>\n<ol>\n<li>Organisation und Durchf\u00fchrung der Zwei- bzw. Dreisprachigkeitspr\u00fcfungen<\/li>\n<li>Beschwerden hinsichtlich der Verletzung des Rechts auf Gebrauch der Muttersprache oder der gew\u00e4hlten Sprache in der Kommunikation zwischen B\u00fcrgern und \u00f6ffentlicher Verwaltung<\/li>\n<li>Einvernehmenskomitee zu Proporz und Zwei- bzw. Dreisprachigkeit<\/li>\n<li>Beziehungen zu den Staatsbeh\u00f6rden in grunds\u00e4tzlichen Fragen der Landesautonomie und der Landespolitik<\/li>\n<li>Dienstverpflichtungen f\u00fcr wesentliche Leistungen im Gesundheitsbereich bez\u00fcglich Proporz und Zwei- bzw. Dreisprachigkeit<\/li>\n<li>Gleichstellung der Geschlechter<\/li>\n<li>Vereinbarungen mit der Italienischen Post<\/li>\n<li>Verbraucherschutz<\/li>\n<\/ol>\n<p>Das ist teilweise mehr, als von der angenommenen Tagesordnung verlangt wurde \u2014 einige Dinge scheinen aber (vorerst) auch zu fehlen. Jedenfalls ist es meiner Meinung nach eine hervorragende Nachricht, dass S\u00fcdtirol endlich eine offizielle Stelle hat, die sich ausdr\u00fccklich den Landessprachen widmet. Damit wurde endlich eine lange klaffende L\u00fccke geschlossen.<\/p>\n<p>Bis auf die oben abgebildete <a title=\"AfLB.\" href=\"http:\/\/www.provinz.bz.it\/de\/kontakt.asp?orga_orgaid=8557\" target=\"_blank\" rel=\"noopener noreferrer\">Erw\u00e4hnung im Kontaktverzeichnis<\/a> auf der Homepage des Landes verf\u00fcgt das AfLB noch nicht \u00fcber einen eigenen Internetauftritt. Vorbild k\u00f6nnten hier die <a title=\"Volksanwaltschaft.\" href=\"https:\/\/www.volksanwaltschaft-bz.org\/\" target=\"_blank\" rel=\"noopener noreferrer\">Volksanwaltschaft<\/a>, die <a title=\"Kinder- und Jugendanwaltschaft.\" href=\"https:\/\/www.kinder-jugendanwaltschaft-bz.org\/\" target=\"_blank\" rel=\"noopener noreferrer\">Kinder- und Jugendanwaltschaft<\/a> oder die <a title=\"Gleichstellungsr\u00e4tin.\" href=\"https:\/\/www.gleichstellungsraetin-bz.org\/\" target=\"_blank\" rel=\"noopener noreferrer\">Gleichstellungsr\u00e4tin<\/a> sein, die beim Landtag angesiedelt sind.<\/p>\n<p>Wir werden nat\u00fcrlich dranbleiben und verfolgen, wie sich das neue Amt entwickelt, wie es arbeitet und welche konkreten Ergebnisse es erzielt.<\/p>\n<p><strong><span style=\"font-family: Helvetica, Arial, sans-serif; text-transform: uppercase;\">C\u00ebla enghe:<\/span><\/strong> <a title=\"Das Land braucht eine (echte) Sprachstelle!\" href=\"https:\/\/www.brennerbasisdemokratie.eu\/?p=34390\"><code>01<\/code><\/a> <a title=\"Associazione Internazionale dei Garanti Linguistici.\" href=\"https:\/\/www.brennerbasisdemokratie.eu\/?p=30865\"><code>02<\/code><\/a> <a title=\"Nuovo rapporto: Il francese in Qu\u00e9bec.\" href=\"https:\/\/www.brennerbasisdemokratie.eu\/?p=48185\"><code>03<\/code><\/a> <a title=\"Nordkatalonien gr\u00fcndet Sprachstelle.\" href=\"https:\/\/www.brennerbasisdemokratie.eu\/?p=38268\"><code>04<\/code><\/a> <a title=\"Nasce l\u2019Oficina de Drets Ling\u00fc\u00edstics.\" href=\"https:\/\/www.brennerbasisdemokratie.eu\/?p=38305\"><code>05<\/code><\/a> <a title=\"\u00bbRoadmap for Linguistic Diversity.\u00ab\" href=\"https:\/\/www.brennerbasisdemokratie.eu\/?p=30359\"><code>06<\/code><\/a> <a title=\"Die Bretagne. Und\u2026 die Ortsnamen.\" href=\"https:\/\/www.brennerbasisdemokratie.eu\/?p=31652\"><code>07<\/code><\/a> <a title=\"Canestrini: Seid ein bisschen couragierter!\" href=\"https:\/\/www.brennerbasisdemokratie.eu\/?p=59896\"><code>08<\/code><\/a> <span style=\"font-family: Helvetica, Arial, sans-serif; font-weight: normal;\">||<\/span> <a title=\"Die Antidiskriminierungsstelle kommt.\" href=\"https:\/\/www.brennerbasisdemokratie.eu\/?p=60631\"><span style=\"color: #ff8c00\"><code>01<\/code><\/span><\/a> <a title=\"Amt f\u00fcr Landessprachen im Einvernehmenskomitee.\" href=\"https:\/\/www.brennerbasisdemokratie.eu\/?p=62554\"><span style=\"color: #ff8c00\"><code>02<\/code><\/span><\/a> <a title=\"Offizieller Bericht zur neuen Sprachstelle.\" href=\"https:\/\/www.brennerbasisdemokratie.eu\/?p=64349\"><span style=\"color: #ff8c00\"><code>03<\/code><\/span><\/a> <a title=\"Systematische Erhebung der Sprachentwicklung.\" href=\"https:\/\/www.brennerbasisdemokratie.eu\/?p=70511\" rel=\"\"><span style=\"color: #ff8c00\"><code>04<\/code><\/span><\/a> <a title=\"Lob des Amts f\u00fcr Landessprachen.\" href=\"https:\/\/www.brennerbasisdemokratie.eu\/?p=71847\" rel=\"\"><span style=\"color: #ff8c00\"><code>05<\/code><\/span><\/a> <a title=\"AfLB \u2013 Il 100% delle denunce riguarda il tedesco.\" href=\"https:\/\/www.brennerbasisdemokratie.eu\/?p=85018\"><span style=\"color: #ff8c00\"><code>06<\/code><\/span><\/a> <a title=\"Amt f\u00fcr Landessprachen und B\u00fcrgerrechte wird gest\u00e4rkt.\" href=\"https:\/\/www.brennerbasisdemokratie.eu\/?p=88188\"><span style=\"color: #ff8c00\"><code>07<\/code><\/span><\/a><\/p>","protected":false},"excerpt":{"rendered":"<p>Im Juli 2019 hatte sich die SVP eine Tagesordnung der Freiheitlichen zueigen gemacht, mit der die Schaffung einer handlungsstarken Sprachstelle gefordert wurde. Nun wurde sie \u2014 unspektakul\u00e4r \u2014 als Amt f\u00fcr Landessprachen und B\u00fcrgerrechte (AfLB) eingerichtet: Ausschnitt Kontaktseite Das AfLB ist direkt beim Pr\u00e4sidium \u2014 also beim Landeshauptmann \u2014 angesiedelt und hat derzeit vier Mitarbeiterinnen. [&hellip;]<\/p>","protected":false},"author":1,"featured_media":0,"comment_status":"open","ping_status":"open","sticky":false,"template":"","format":"standard","meta":{"_crdt_document":"","ngg_post_thumbnail":0,"_jetpack_memberships_contains_paid_content":false,"footnotes":""},"categories":[1],"tags":[],"class_list":["post-59982","post","type-post","status-publish","format-standard","hentry","category-allgemein","entity-aflb","entity-freiheitliche","entity-land-sudtirol","entity-sudtiroler-landtag","entity-svp","issue-good-news","location-sudtirolo","language-deutsch","topic-minderheitenschutz","topic-plurilinguism","topic-politik","topic-postdienst","topic-servicepublic"],"jetpack_featured_media_url":"","jetpack_sharing_enabled":true,"_links":{"self":[{"href":"https:\/\/www.brennerbasisdemokratie.eu\/index.php?rest_route=\/wp\/v2\/posts\/59982","targetHints":{"allow":["GET"]}}],"collection":[{"href":"https:\/\/www.brennerbasisdemokratie.eu\/index.php?rest_route=\/wp\/v2\/posts"}],"about":[{"href":"https:\/\/www.brennerbasisdemokratie.eu\/index.php?rest_route=\/wp\/v2\/types\/post"}],"author":[{"embeddable":true,"href":"https:\/\/www.brennerbasisdemokratie.eu\/index.php?rest_route=\/wp\/v2\/users\/1"}],"replies":[{"embeddable":true,"href":"https:\/\/www.brennerbasisdemokratie.eu\/index.php?rest_route=%2Fwp%2Fv2%2Fcomments&post=59982"}],"version-history":[{"count":21,"href":"https:\/\/www.brennerbasisdemokratie.eu\/index.php?rest_route=\/wp\/v2\/posts\/59982\/revisions"}],"predecessor-version":[{"id":88190,"href":"https:\/\/www.brennerbasisdemokratie.eu\/index.php?rest_route=\/wp\/v2\/posts\/59982\/revisions\/88190"}],"wp:attachment":[{"href":"https:\/\/www.brennerbasisdemokratie.eu\/index.php?rest_route=%2Fwp%2Fv2%2Fmedia&parent=59982"}],"wp:term":[{"taxonomy":"category","embeddable":true,"href":"https:\/\/www.brennerbasisdemokratie.eu\/index.php?rest_route=%2Fwp%2Fv2%2Fcategories&post=59982"},{"taxonomy":"post_tag","embeddable":true,"href":"https:\/\/www.brennerbasisdemokratie.eu\/index.php?rest_route=%2Fwp%2Fv2%2Ftags&post=59982"}],"curies":[{"name":"wp","href":"https:\/\/api.w.org\/{rel}","templated":true}]}}