{"id":60276,"date":"2020-09-06T09:04:05","date_gmt":"2020-09-06T07:04:05","guid":{"rendered":"https:\/\/www.brennerbasisdemokratie.eu\/?p=60276"},"modified":"2025-02-19T06:37:48","modified_gmt":"2025-02-19T05:37:48","slug":"keine-widerrede-eingeschrankte-demokratie","status":"publish","type":"post","link":"https:\/\/www.brennerbasisdemokratie.eu\/?p=60276","title":{"rendered":"Keine Widerrede: Eingeschr\u00e4nkte Demokratie."},"content":{"rendered":"<p>Zuerst hatte es Christoph Franceschini <a title=\"Salto: Im Polizeistaat.\" href=\"https:\/\/www.salto.bz\/de\/article\/01092020\/im-polizeistaat\" target=\"_blank\" rel=\"noopener noreferrer\">auf <em>Salto<\/em> thematisiert<\/a>, dann berichtete auch <a title=\"ff: Diskutieren verboten.\" href=\"https:\/\/www.ff-bz.com\/politik-wirtschaft\/panorama\/2020-36\/diskutieren-verboten.html\" target=\"_blank\" rel=\"noopener noreferrer\">die diesw\u00f6chige <em>ff<\/em><\/a> dar\u00fcber: Die Staatspolizei wollte bei zwei in Meran geplanten Wahlkampfdebatten das Zustandekommen einer Debatte verhindern. Rede und Gegenrede seien bei im Freien stattfindenden Wahlveranstaltungen untersagt.<\/p>\n<p>Im Hinblick auf die anstehenden Gemeindewahlen haben in der Passerstadt am Dienstag und am gestrigen Samstag \u2014 von <em>ff<\/em> bzw. <em>Salto<\/em> mitorganisierte \u2014 Veranstaltungen mit den B\u00fcrgermeisterkandidatinnen stattgefunden. Laut Warnung der Polizei h\u00e4tten sie, da im Freien stattfindend, nur von den Journalistinnen ausgefragt werden, aber nicht miteinander diskutieren d\u00fcrfen.<\/p>\n<p>Angeblich war sogar ausdr\u00fccklich angek\u00fcndigt worden, dass sich die politische Polizei (<abbr title=\"DIGOS - Abt. Allgemeine Ermittlungen Sondereins\u00e4tze\">AAES<\/abbr>) in Zivil unter die Zuschauerinnen mischen und die Veranstaltungen \u00fcberwachen werde.<\/p>\n<p>Laut Franceschini ist die eines demokratischen Rechtsstaats unw\u00fcrdige Vorgehensweise der Polizei auf die krasse Fehlinterpretation eines Rundschreibens des Regierungskommissariats zur\u00fcckzuf\u00fchren: Sinn der Regelung sei die Vermeidung von St\u00f6raktionen:<\/p>\n<blockquote><p>So geht es nicht an, dass bei einer klassischen Wahlrede auf einem \u00f6ffentlichen Platz eine konkurrierende Partei eigene Vertreter hinschickt, die dann dem Redner offen und konzertiert widersprechen.<small><\/small><\/p>\n<p><em><small>\u2014 Christoph Franceschini<\/small><\/em><\/p><\/blockquote>\n<p>Ob sich bei den Diskussionsrunden von <em>OstWestClub-Jungle-Salto<\/em> und <em>hds-<\/em><abbr title=\"Hoteliers- und Gastwirteverband\">HGV<\/abbr>-<abbr title=\"Landesverband der Handwerker:innen\">LVH<\/abbr>-<em>ff<\/em> an die absurden Vorschriften gehalten wurde, entzieht sich meiner Kenntnis. \u00dcber allf\u00e4llige Schikanen oder rechtliche Konsequenzen informieren die beiden Medien hoffentlich.<em><br \/>\n<\/em><\/p>\n<p><strong><span style=\"font-family: Helvetica, Arial, sans-serif; text-transform: uppercase;\">C\u00ebla enghe:<\/span><\/strong> <a title=\"Bei Flashmob Schikane.\" href=\"https:\/\/www.brennerbasisdemokratie.eu\/?p=56484\"><code>01<\/code><\/a> <a title=\"Franceschinis Erfahrung mit Alibideutsch.\" href=\"https:\/\/www.brennerbasisdemokratie.eu\/?p=27571\"><code>02<\/code><\/a> <span style=\"font-family: Helvetica, Arial, sans-serif; font-weight: normal;\">||<\/span> <a title=\"Staatliche Einsch\u00fcchterung.\" href=\"https:\/\/www.brennerbasisdemokratie.eu\/?p=84094\" rel=\"\"><span style=\"color: #ff8c00\"><code>01<\/code><\/span><\/a><\/p>","protected":false},"excerpt":{"rendered":"<p>Zuerst hatte es Christoph Franceschini auf Salto thematisiert, dann berichtete auch die diesw\u00f6chige ff dar\u00fcber: Die Staatspolizei wollte bei zwei in Meran geplanten Wahlkampfdebatten das Zustandekommen einer Debatte verhindern. Rede und Gegenrede seien bei im Freien stattfindenden Wahlveranstaltungen untersagt. Im Hinblick auf die anstehenden Gemeindewahlen haben in der Passerstadt am Dienstag und am gestrigen Samstag [&hellip;]<\/p>","protected":false},"author":1,"featured_media":0,"comment_status":"closed","ping_status":"open","sticky":false,"template":"","format":"standard","meta":{"_crdt_document":"","ngg_post_thumbnail":0,"_jetpack_memberships_contains_paid_content":false,"footnotes":""},"categories":[1],"tags":[],"class_list":["post-60276","post","type-post","status-publish","format-standard","hentry","category-allgemein","entity-hds","entity-hgv","entity-lvh","entity-ostwestclub","entity-staatspolizei","issue-gemeindewahl-2020","issue-zitac","location-italy","location-sudtirolo","language-deutsch","medium-ff","medium-salto","person-christoph-franceschini","topic-democrazia","topic-grundrechte","topic-medien","topic-politik","topic-polizei","topic-repression"],"jetpack_featured_media_url":"","jetpack_sharing_enabled":true,"_links":{"self":[{"href":"https:\/\/www.brennerbasisdemokratie.eu\/index.php?rest_route=\/wp\/v2\/posts\/60276","targetHints":{"allow":["GET"]}}],"collection":[{"href":"https:\/\/www.brennerbasisdemokratie.eu\/index.php?rest_route=\/wp\/v2\/posts"}],"about":[{"href":"https:\/\/www.brennerbasisdemokratie.eu\/index.php?rest_route=\/wp\/v2\/types\/post"}],"author":[{"embeddable":true,"href":"https:\/\/www.brennerbasisdemokratie.eu\/index.php?rest_route=\/wp\/v2\/users\/1"}],"replies":[{"embeddable":true,"href":"https:\/\/www.brennerbasisdemokratie.eu\/index.php?rest_route=%2Fwp%2Fv2%2Fcomments&post=60276"}],"version-history":[{"count":13,"href":"https:\/\/www.brennerbasisdemokratie.eu\/index.php?rest_route=\/wp\/v2\/posts\/60276\/revisions"}],"predecessor-version":[{"id":85192,"href":"https:\/\/www.brennerbasisdemokratie.eu\/index.php?rest_route=\/wp\/v2\/posts\/60276\/revisions\/85192"}],"wp:attachment":[{"href":"https:\/\/www.brennerbasisdemokratie.eu\/index.php?rest_route=%2Fwp%2Fv2%2Fmedia&parent=60276"}],"wp:term":[{"taxonomy":"category","embeddable":true,"href":"https:\/\/www.brennerbasisdemokratie.eu\/index.php?rest_route=%2Fwp%2Fv2%2Fcategories&post=60276"},{"taxonomy":"post_tag","embeddable":true,"href":"https:\/\/www.brennerbasisdemokratie.eu\/index.php?rest_route=%2Fwp%2Fv2%2Ftags&post=60276"}],"curies":[{"name":"wp","href":"https:\/\/api.w.org\/{rel}","templated":true}]}}