{"id":60299,"date":"2020-09-06T19:51:36","date_gmt":"2020-09-06T17:51:36","guid":{"rendered":"https:\/\/www.brennerbasisdemokratie.eu\/?p=60299"},"modified":"2026-01-28T17:36:08","modified_gmt":"2026-01-28T16:36:08","slug":"bravo-italiano-cattivo-tedesco-im-geschichtsbuch","status":"publish","type":"post","link":"https:\/\/www.brennerbasisdemokratie.eu\/?p=60299","title":{"rendered":"Bravo italiano-cattivo tedesco im Geschichtsbuch."},"content":{"rendered":"<p>In den <em>Beitr\u00e4gen<\/em> des <em>Georg-Eckert-Instituts (GEI) f\u00fcr Internationale Schulbuchforschung<\/em> ist <a title=\"Bravo italiano e cattivo tedesco?: Darstellung der nationalsozialistischen und faschistischen Diktaturen in italienischen Schulgeschichtsb\u00fcchern.\" href=\"http:\/\/repository.gei.de\/handle\/11428\/133\" target=\"_blank\" rel=\"noopener noreferrer\">ein Aufsatz von Isabelle Bosch<\/a> \u00fcber die Darstellung von Faschismus und Nationalsozialismus in italienischen Schulgeschichtsb\u00fcchern zwischen den 1950er und den 2000er Jahren erschienen.<\/p>\n<p><u>Das GEI ist seit den 1960er Jahren Schulbuchzentrum des <em>Europarats.<\/em><\/u><\/p>\n<p>F\u00fcr diese Untersuchung wurden insgesamt zw\u00f6lf B\u00fccher \u2014 zwei f\u00fcr jedes Jahrzehnt \u2014 gew\u00e4hlt und ausgewertet.<\/p>\n<p>Bez\u00fcglich der Wahl von Themen und Schwerpunkten stellt Bosch in ihrer Analyse insbesondere bei der Beschreibung der Innenpolitik gro\u00dfe Unterschiede in den B\u00fcchern des Korpus fest. Dabei gehe die Tendenz im Laufe der Zeit hin zu mehr Ausf\u00fchrlichkeit. Dem italienischen Faschismus werde grunds\u00e4tzlich mehr Platz einger\u00e4umt als dem Nationalsozialismus.<\/p>\n<blockquote><p>W\u00e4hrend hinsichtlich des Nationalsozialismus die Opposition und die Flucht einiger Gegner des Regimes nur zu den peripheren Themen geh\u00f6ren, wird der Opposition und dem Antifaschismus in Italien viel Raum gegeben. [\u2026] Die detailliert dargestellte Str\u00f6mung des Antifaschismus suggeriert, dass gro\u00dfe Teile der Bev\u00f6lkerung sich nicht mit dem Regime identifiziert haben und es sogar ablehnten.<\/p>\n<p><em><small>\u2013 Isabelle Bosch<\/small><\/em><\/p><\/blockquote>\n<p>Die italienischen Kriege in Afrika und der Kolonialismus w\u00fcrden oft nur sehr kurz und ohne Details beschrieben, im Einzelfall sogar positiv dargestellt.<\/p>\n<blockquote><p>Die Dynamik des B\u00fcndnisses zwischen Hitler und Mussolini ist f\u00fcr die meisten Schulbuchautoren eindeutig: Mussolini steht im klaren Abh\u00e4ngigkeitsverh\u00e4ltnis zu Hitler, der den faschistischen Diktator f\u00fcr seine Pl\u00e4ne ausnutzt.<\/p>\n<p><em><small>\u2013 Isabelle Bosch<\/small><\/em><\/p><\/blockquote>\n<p>Zwar habe es ein Machtgef\u00e4lle tats\u00e4chlich gegeben, so Bosch, doch das daraus gezogene Fazit sei f\u00fcr die Vergangenheitsbew\u00e4ltigung gef\u00e4hrlich.<\/p>\n<blockquote><p>Mussolini wird verharmlost, und alle negativen Taten des Faschismus werden als Ausdruck der Abh\u00e4ngigkeit vom Nationalsozialismus deklariert. Der Deutsche wird als Feindbild konstruiert und jegliche Kameradschaft w\u00e4hrend des B\u00fcndnisses vehement abgestritten. Das Bild des bravo italiano und des cattivo tedesco entsteht. Die Erinnerungskultur des Faschismus ist bis heute abh\u00e4ngig von der Gegen\u00fcberstellung und eindeutigen Abgrenzung zum Nationalsozialismus. Eine Auseinandersetzung mit den Gr\u00e4ueltaten der italienischen Diktatur blieb f\u00fcr lange Zeit aus und ist auch in den Schulb\u00fcchern des Korpus nur vereinzelt zu finden.<\/p>\n<p><em><small>\u2013 Isabelle Bosch<\/small><\/em><\/p><\/blockquote>\n<p>Wie erw\u00e4hnt wird der Widerstand im Falle Italiens deutlich ausf\u00fchrlicher behandelt als im Falle Deutschlands. Die <em>Wei\u00dfe Rose<\/em> wird gar nur in zwei der zw\u00f6lf B\u00fccher (eins aus den 60er und eins aus den 70er Jahren) erw\u00e4hnt. Von den sp\u00e4ten 80er Jahren bis zu einem Buch von 2007 findet die interne Opposition im Nazireich \u00fcberhaupt keine Ber\u00fccksichtigung mehr.<\/p>\n<p>Immerhin wurde in den Schulb\u00fcchern im Laufe der Zeit mehr auf die Unstimmigkeiten innerhalb der <em>Resistenza<\/em> hinwiesen, die in fr\u00fcheren Jahren meist als einheitlich (und mehrheitlich) dargestellt wurde. Au\u00dferdem fand auch der Faschismus nach 1943, namentlich die Sozialrepublik von Sal\u00f2, mehr Ber\u00fccksichtigung.<\/p>\n<p>Den Entschluss \u00fcber den Eintritt in den Weltkrieg fasst Mussolini den B\u00fcchern zufolge allein. Die Teilnahme Italiens am \u00dcberfall auf die Sowjetunion wird meist nicht ausdr\u00fccklich erw\u00e4hnt.<\/p>\n<blockquote><p>Kriegsverbrechen von italienischen Soldaten oder Offizieren werden in Einzelf\u00e4llen im Zusammenhang mit dem Afrikafeldzug genannt, doch finden sich [nur in einem Buch] Hinweise auf Kriegsverbrechen auf dem Balkan oder anderen L\u00e4ndern. Wenigstens ein Kriegsverbrechen der Deutschen auf italienischem Boden wird in jedem Schulbuch behandelt (Fosse Ardeatine und\/oder Marzabotto), oder das [\u2026] Massaker auf Kefalonia.<\/p>\n<p><em><small>\u2013 Isabelle Bosch<\/small><\/em><\/p><\/blockquote>\n<p>In allen Kategorien (Machtergreifung, Innenpolitik, Au\u00dfenpolitik, Zweiter Weltkrieg) sei in den Schulb\u00fcchern eine Erz\u00e4hlung zu finden<\/p>\n<blockquote><p>die eine einheitliche Erinnerungskultur erzeugt, indem ein viel m\u00e4chtigerer und radikalerer Nationalsozialismus einem ausgenutzten, unf\u00e4higen sowie harmlosen Faschismus gegen\u00fcbergestellt wird. [\u2026] Die Ergebnisse der Untersuchung haben gezeigt, dass das Selbstbildnis der Italiener als Opfer Mussolinis und Hitlers bis heute in Teilen Bestand hat.<\/p>\n<p><em><small>\u2013 Isabelle Bosch<\/small><\/em><\/p><\/blockquote>\n<p>Nur \u00bbin Ans\u00e4tzen\u00ab sei die einseitige Interpretation bislang durchbrochen worden. Es gebe aber eine Weiterentwicklung, die einen kritischeren Umgang mit Geschichte erhoffen lasse. Die Schulgeschichtsb\u00fccher h\u00e4tten die von der Politik gewollte \u00bbvermeintlich gemeinsame Erinnerungskultur des Antifaschismus\u00ab unterst\u00fctzt, aber auch den \u00bbMythos der Resistenza und der <em>brava gente\u00ab<\/em> verbreitet.<\/p>\n<blockquote><p>Es muss einger\u00e4umt werden, dass es unm\u00f6glich f\u00fcr ein Land ist, eine einheitliche Erinnerungskultur zu besitzen. Dennoch muss Italien als Sonderfall betrachtet werden, da sich die Auffassungen so massiv widersprechen, dass keine einheitliche Vergangenheitspolitik entstehen kann.<\/p>\n<p><em><small>\u2013 Isabelle Bosch<\/small><\/em><\/p><\/blockquote>\n<p>Von den einen werde der Faschismus nach wie vor verharmlost, w\u00e4hrend ihm die anderen jegliche Unterst\u00fctzung in der Bev\u00f6lkerung abspr\u00e4chen.<\/p>\n<p><small><em>Bibliografischer Hinweis: Bosch, Isabelle. \u00bbBravo italiano e cattivo tedesco?: Darstellung der nationalsozialistischen und faschistischen Diktaturen in italienischen Schulgeschichtsb\u00fcchern.&#8221; <\/em>Eckert. Beitr\u00e4ge<em> 2016\/2.<\/em><\/small><\/p>\n<p><strong><span style=\"font-family: Helvetica, Arial, sans-serif; text-transform: uppercase;\">C\u00ebla enghe:<\/span><\/strong> <a title=\"Sudtirolo: Treccani\u2026 colonialista.\" href=\"https:\/\/www.brennerbasisdemokratie.eu\/?p=60248\"><code>01<\/code><\/a> <a title=\"I conti fatti col fascismo.\" href=\"https:\/\/www.brennerbasisdemokratie.eu\/?p=47589\"><code>02<\/code><\/a> <a title=\"Der Zweite Weltkrieg in Afrika.\" href=\"https:\/\/www.brennerbasisdemokratie.eu\/?p=57766\"><code>03<\/code><\/a> <a title=\"Colonie, negazionismo di stato.\" href=\"https:\/\/www.brennerbasisdemokratie.eu\/?p=49882\"><code>04<\/code><\/a> <a title=\"Kriegsverbrecher bis zum Tod gedeckt.\" href=\"https:\/\/www.brennerbasisdemokratie.eu\/?p=55245\"><code>05<\/code><\/a> <a title=\"El Alamein und Castel Benito.\" href=\"https:\/\/www.brennerbasisdemokratie.eu\/?p=43780\"><code>06<\/code><\/a> <a title=\"CPI steht f\u00fcr den \u00bbguten\u00ab Faschismus.\" href=\"https:\/\/www.brennerbasisdemokratie.eu\/?p=59539\"><code>07<\/code><\/a> <a title=\"La deviazione dal vero corso della Storia.\" href=\"https:\/\/www.brennerbasisdemokratie.eu\/?p=42575\"><code>08<\/code><\/a> <a title=\"Resistenza ohne Massenbasis.\" href=\"https:\/\/www.brennerbasisdemokratie.eu\/?p=40185\"><code>09<\/code><\/a> <a title=\"Anc\u00f3ra equidistanza su Auschwitz e foibe.\" href=\"https:\/\/www.brennerbasisdemokratie.eu\/?p=54825\"><code>10<\/code><\/a> <a title=\"Frank-Walter Steinmeiers Lektion.\" href=\"https:\/\/www.brennerbasisdemokratie.eu\/?p=19764\"><code>11<\/code><\/a> <a title=\"Szenarien der Macht.\" href=\"https:\/\/www.brennerbasisdemokratie.eu\/?p=5881\"><code>12<\/code><\/a> <a title=\"Alltagsrassismus, Kolonialismus.\" href=\"https:\/\/www.brennerbasisdemokratie.eu\/?p=27511\"><code>13<\/code><\/a> <a title=\"Ein Antisemit am Verfassungsgericht.\" href=\"https:\/\/www.brennerbasisdemokratie.eu\/?p=51230\"><code>14<\/code><\/a> <a title=\"Postcolonial Italy \u2013 Mapping Colonial Heritage.\" href=\"https:\/\/www.brennerbasisdemokratie.eu\/?p=58321\"><code>15<\/code><\/a> <a title=\"Storiografia e cultura diffusa.\" href=\"https:\/\/www.brennerbasisdemokratie.eu\/?p=41651\"><code>16<\/code><\/a> <a title=\"Storia\u2026 repressa.\" href=\"https:\/\/www.brennerbasisdemokratie.eu\/?p=17739\"><code>17<\/code><\/a> <a title=\"Geschichtsbuch.\" href=\"https:\/\/www.brennerbasisdemokratie.eu\/?p=9092\"><code>18<\/code><\/a>&nbsp;<span style=\"font-family: Helvetica, Arial, sans-serif; font-weight: normal;\">||<\/span> <a title=\"Italien er\u00f6ffnet Kolonialmuseum wieder.\" href=\"https:\/\/www.brennerbasisdemokratie.eu\/?p=61528\"><span style=\"color: #ff8c00\"><code>01<\/code><\/span><\/a> <a title=\"Il fascismo non fin\u00ec con la Liberazione.\" href=\"https:\/\/www.brennerbasisdemokratie.eu\/?p=78035\"><span style=\"color: #ff8c00\"><code>02<\/code><\/span><\/a> <a title=\"\u00abAuschwitz era la realizzazione del fascismo.\u00bb\" href=\"https:\/\/www.brennerbasisdemokratie.eu\/?p=81856\" rel=\"\"><span style=\"color: #ff8c00\"><code>03<\/code><\/span><\/a> <a title=\"Faschismus: 80 Jahre Verharmlosung.\" href=\"https:\/\/www.brennerbasisdemokratie.eu\/?p=93654\"><span style=\"color: #ff8c00\"><code>04<\/code><\/span><\/a> <a title=\"Rai: Bravo italiano, cattivo tedesco zum Holocaust-Gedenktag.\" href=\"https:\/\/www.brennerbasisdemokratie.eu\/?p=97676\"><span style=\"color: #ff8c00\"><code>05<\/code><\/span><\/a><\/p>","protected":false},"excerpt":{"rendered":"<p>In den Beitr\u00e4gen des Georg-Eckert-Instituts (GEI) f\u00fcr Internationale Schulbuchforschung ist ein Aufsatz von Isabelle Bosch \u00fcber die Darstellung von Faschismus und Nationalsozialismus in italienischen Schulgeschichtsb\u00fcchern zwischen den 1950er und den 2000er Jahren erschienen. Das GEI ist seit den 1960er Jahren Schulbuchzentrum des Europarats. F\u00fcr diese Untersuchung wurden insgesamt zw\u00f6lf B\u00fccher \u2014 zwei f\u00fcr jedes Jahrzehnt [&hellip;]<\/p>","protected":false},"author":1,"featured_media":0,"comment_status":"closed","ping_status":"open","sticky":false,"template":"","format":"standard","meta":{"_crdt_document":"","ngg_post_thumbnail":0,"_jetpack_memberships_contains_paid_content":false,"footnotes":""},"categories":[1],"tags":[],"class_list":["post-60299","post","type-post","status-publish","format-standard","hentry","category-allgemein","entity-europarat","issue-geschichtsaufarbeitung","issue-zitac","location-afrika","location-deutschland","location-italy","language-deutsch","topic-colonialismi","topic-faschismen","topic-geschichte","topic-militar","topic-publikationen","topic-scola","topic-ungehorsam","topic-wissenschaft"],"jetpack_featured_media_url":"","jetpack_sharing_enabled":true,"_links":{"self":[{"href":"https:\/\/www.brennerbasisdemokratie.eu\/index.php?rest_route=\/wp\/v2\/posts\/60299","targetHints":{"allow":["GET"]}}],"collection":[{"href":"https:\/\/www.brennerbasisdemokratie.eu\/index.php?rest_route=\/wp\/v2\/posts"}],"about":[{"href":"https:\/\/www.brennerbasisdemokratie.eu\/index.php?rest_route=\/wp\/v2\/types\/post"}],"author":[{"embeddable":true,"href":"https:\/\/www.brennerbasisdemokratie.eu\/index.php?rest_route=\/wp\/v2\/users\/1"}],"replies":[{"embeddable":true,"href":"https:\/\/www.brennerbasisdemokratie.eu\/index.php?rest_route=%2Fwp%2Fv2%2Fcomments&post=60299"}],"version-history":[{"count":25,"href":"https:\/\/www.brennerbasisdemokratie.eu\/index.php?rest_route=\/wp\/v2\/posts\/60299\/revisions"}],"predecessor-version":[{"id":97682,"href":"https:\/\/www.brennerbasisdemokratie.eu\/index.php?rest_route=\/wp\/v2\/posts\/60299\/revisions\/97682"}],"wp:attachment":[{"href":"https:\/\/www.brennerbasisdemokratie.eu\/index.php?rest_route=%2Fwp%2Fv2%2Fmedia&parent=60299"}],"wp:term":[{"taxonomy":"category","embeddable":true,"href":"https:\/\/www.brennerbasisdemokratie.eu\/index.php?rest_route=%2Fwp%2Fv2%2Fcategories&post=60299"},{"taxonomy":"post_tag","embeddable":true,"href":"https:\/\/www.brennerbasisdemokratie.eu\/index.php?rest_route=%2Fwp%2Fv2%2Ftags&post=60299"}],"curies":[{"name":"wp","href":"https:\/\/api.w.org\/{rel}","templated":true}]}}