{"id":60397,"date":"2020-09-07T18:33:55","date_gmt":"2020-09-07T16:33:55","guid":{"rendered":"https:\/\/www.brennerbasisdemokratie.eu\/?p=60397"},"modified":"2026-01-27T18:34:36","modified_gmt":"2026-01-27T17:34:36","slug":"euregio-connect-rom-entscheidet","status":"publish","type":"post","link":"https:\/\/www.brennerbasisdemokratie.eu\/?p=60397","title":{"rendered":"Euregio Connect: Rom entscheidet."},"content":{"rendered":"<p>K\u00fcrzlich wurde der Gr\u00fcndungsantrag f\u00fcr einen neuen <em>Europ\u00e4ischen Verbund Territorialer Zusammenarbeit<\/em> (EVTZ) namens <em>Euregio Connect<\/em> <a title=\"Euregio Connect.\" href=\"https:\/\/www.brennerbasisdemokratie.eu\/?p=59839\">unterzeichnet<\/a>, der die Kooperation zwischen <em>Tirol Werbung, Trentino Marketing<\/em> und <em>IDM S\u00fcdtirol<\/em> erleichtern soll.<\/p>\n<p>Warum das vermutlich nicht an die ganz gro\u00dfe Glocke geh\u00e4ngt wurde, erkl\u00e4rt die <em>ff<\/em> in ihrer aktuellen Ausgabe: W\u00e4hrend den Antrag f\u00fcr Nord-\/Osttirol die Landesregierung in Innsbruck genehmigen kann, m\u00fcssen S\u00fcdtirol und Trentino \u2014 die autonomsten L\u00e4nder des Erdballs \u2014 auf die Zustimmung der r\u00f6mischen Regierung warten. Schon bei der Gr\u00fcndung des EVTZ der Europaregion Tirol habe sich Rom aber alles andere als kooperativ gezeigt, weshalb man diesmal \u00bbkeine schlafenden Hunde wecken\u00ab m\u00f6chte.<\/p>\n<p>Die These von der \u00bbGeheimautonomie\u00ab (<a title=\"Autonomie im Tarnanzug.\" href=\"https:\/\/www.brennerbasisdemokratie.eu\/?p=33730\"><code>01<\/code><\/a> <a title=\"Die Geheimautonomie.\" href=\"https:\/\/www.brennerbasisdemokratie.eu\/?p=21406\"><code>02<\/code><\/a>) best\u00e4tigt sich also erneut.<\/p>\n<p><strong><span style=\"font-family: Helvetica, Arial, sans-serif; text-transform: uppercase;\">C\u00ebla enghe:<\/span><\/strong> <a title=\"Euregio \u2014 EVTZ.\" href=\"https:\/\/www.brennerbasisdemokratie.eu\/?p=7833\"><code>01<\/code><\/a> <a title=\"Pr\u00f6seler Worte (und die Realit\u00e4t).\" href=\"https:\/\/www.brennerbasisdemokratie.eu\/?p=19819\"><code>02<\/code><\/a>&nbsp;<span style=\"font-family: Helvetica, Arial, sans-serif; font-weight: normal;\">||<\/span> <a title=\"Euregio Connect reloaded.\" href=\"https:\/\/www.brennerbasisdemokratie.eu\/?p=68112\" rel=\"\"><span style=\"color:#ff8c00; text-decoration:underline; text-decoration-color:#ff8c00; text-decoration-thickness:3px;\"><code>01<\/code><\/span><\/a> <a title=\"Tirol Werbung \u2013 impossible to understand.\" href=\"https:\/\/www.brennerbasisdemokratie.eu\/?p=97616\"><span style=\"color: #ff8c00\"><code>02<\/code><\/span><\/a><\/p>","protected":false},"excerpt":{"rendered":"<p>K\u00fcrzlich wurde der Gr\u00fcndungsantrag f\u00fcr einen neuen Europ\u00e4ischen Verbund Territorialer Zusammenarbeit (EVTZ) namens Euregio Connect unterzeichnet, der die Kooperation zwischen Tirol Werbung, Trentino Marketing und IDM S\u00fcdtirol erleichtern soll. Warum das vermutlich nicht an die ganz gro\u00dfe Glocke geh\u00e4ngt wurde, erkl\u00e4rt die ff in ihrer aktuellen Ausgabe: W\u00e4hrend den Antrag f\u00fcr Nord-\/Osttirol die Landesregierung in [&hellip;]<\/p>","protected":false},"author":1,"featured_media":0,"comment_status":"closed","ping_status":"open","sticky":false,"template":"","format":"standard","meta":{"_crdt_document":"","ngg_post_thumbnail":0,"_jetpack_memberships_contains_paid_content":false,"footnotes":""},"categories":[1],"tags":[],"class_list":["post-60397","post","type-post","status-publish","format-standard","hentry","category-allgemein","entity-euregio","entity-idm","issue-autonomievergleich","location-italy","location-nord-osttirol","location-osterreich","location-sudtirolo","location-trentino","language-deutsch","medium-ff","topic-comparatio","topic-grenzen","topic-tourismus","topic-vorzeigeautonomie","topic-zentralismus"],"jetpack_featured_media_url":"","jetpack_sharing_enabled":true,"_links":{"self":[{"href":"https:\/\/www.brennerbasisdemokratie.eu\/index.php?rest_route=\/wp\/v2\/posts\/60397","targetHints":{"allow":["GET"]}}],"collection":[{"href":"https:\/\/www.brennerbasisdemokratie.eu\/index.php?rest_route=\/wp\/v2\/posts"}],"about":[{"href":"https:\/\/www.brennerbasisdemokratie.eu\/index.php?rest_route=\/wp\/v2\/types\/post"}],"author":[{"embeddable":true,"href":"https:\/\/www.brennerbasisdemokratie.eu\/index.php?rest_route=\/wp\/v2\/users\/1"}],"replies":[{"embeddable":true,"href":"https:\/\/www.brennerbasisdemokratie.eu\/index.php?rest_route=%2Fwp%2Fv2%2Fcomments&post=60397"}],"version-history":[{"count":5,"href":"https:\/\/www.brennerbasisdemokratie.eu\/index.php?rest_route=\/wp\/v2\/posts\/60397\/revisions"}],"predecessor-version":[{"id":97650,"href":"https:\/\/www.brennerbasisdemokratie.eu\/index.php?rest_route=\/wp\/v2\/posts\/60397\/revisions\/97650"}],"wp:attachment":[{"href":"https:\/\/www.brennerbasisdemokratie.eu\/index.php?rest_route=%2Fwp%2Fv2%2Fmedia&parent=60397"}],"wp:term":[{"taxonomy":"category","embeddable":true,"href":"https:\/\/www.brennerbasisdemokratie.eu\/index.php?rest_route=%2Fwp%2Fv2%2Fcategories&post=60397"},{"taxonomy":"post_tag","embeddable":true,"href":"https:\/\/www.brennerbasisdemokratie.eu\/index.php?rest_route=%2Fwp%2Fv2%2Ftags&post=60397"}],"curies":[{"name":"wp","href":"https:\/\/api.w.org\/{rel}","templated":true}]}}