{"id":60617,"date":"2020-09-19T09:46:04","date_gmt":"2020-09-19T07:46:04","guid":{"rendered":"https:\/\/www.brennerbasisdemokratie.eu\/?p=60617"},"modified":"2024-07-06T21:27:34","modified_gmt":"2024-07-06T19:27:34","slug":"ru-486-zwangsaufenthalt-abgeschafft","status":"publish","type":"post","link":"https:\/\/www.brennerbasisdemokratie.eu\/?p=60617","title":{"rendered":"RU-486: Zwangsaufenthalt abgeschafft."},"content":{"rendered":"<p>Erst im Jahr 2010 <a title=\"RU-486.\" href=\"https:\/\/www.brennerbasisdemokratie.eu\/?p=4713\">war in Italien das sogenannte Pr\u00e4parat RU-486 zugelassen worden<\/a>, mit dem ein schonenderer Schwangerschaftsabbruch herbeigef\u00fchrt werden kann. Das war 22 Jahre sp\u00e4ter als Frankreich und elf Jahre sp\u00e4ter als die meisten anderen L\u00e4nder Westeuropas (einschlie\u00dflich Deutschland, \u00d6sterreich und die Schweiz), die ihm bis sp\u00e4testens 1999 die Zulassung gew\u00e4hrten.<\/p>\n<p>Eine italienische Besonderheit war, dass die damalige Regierung von Silvio Berlusconi eine Art Strafklausel einf\u00fchrte, aufgrund derer Frauen, die sich f\u00fcr einen medikament\u00f6sen Schwangerschaftsabbruch entschieden, \u2014 ohne jede medizinische Indikation \u2014 ein dreit\u00e4giger Krankenhausaufenthalt aufgezwungen wurde.<\/p>\n<p>Der S\u00fcdtiroler <em>Beirat f\u00fcr Chancengleichheit<\/em> bezeichnete diese Vorgabe damals als \u00bbeine Farce und eine Bestrafung der Frau\u00ab.<\/p>\n<p><a title=\"Drei Tage Haft.\" href=\"https:\/\/www.brennerbasisdemokratie.eu\/?p=4780\">Anders als S\u00fcdtirol<\/a> scherten mehrere italienische Regionen (Toskana, Emilia Romagna, Ligurien, Umbrien, Latium\u2026) bald aus und lie\u00dfen aufgrund ihrer Entscheidungsbefugnisse in Gesundheitsbelangen eine Verabreichung ohne Krankenhausaufenthalt zu.<\/p>\n<p>Doch erst jetzt beendete der italienische Gesundheitsminister Roberto Speranza (<abbr title=\"Liberi e Uguali\">LeU<\/abbr>) \u2014 mit Verweis auf Empfehlungen der <abbr title=\"Weltgesundheitsorganisation\">WHO<\/abbr> und auf die Erfahrung in anderen L\u00e4ndern \u2014 die dem\u00fctigende Praxis ganz. Gleichzeitig wurde der Einsatz des Pr\u00e4parats von der siebten bis auf die neunte Schwangerschaftswoche ausgedehnt.<\/p>\n<p>Vermutlich hat auch die <em>Corona<\/em>-Pandemie ihren Teil dazu beigetragen, dass der ideologisch motivierte Zwangsaufenthalt nach einem Jahrzehnt endlich gefallen ist: ein unn\u00f6tiger Krankenhausaufenthalt stellt in dieser Zeit ein v\u00f6llig verzichtbares Gesundheitsrisiko f\u00fcr die Frau und nicht zuletzt f\u00fcr das Krankenhauspersonal dar.<\/p>","protected":false},"excerpt":{"rendered":"<p>Erst im Jahr 2010 war in Italien das sogenannte Pr\u00e4parat RU-486 zugelassen worden, mit dem ein schonenderer Schwangerschaftsabbruch herbeigef\u00fchrt werden kann. Das war 22 Jahre sp\u00e4ter als Frankreich und elf Jahre sp\u00e4ter als die meisten anderen L\u00e4nder Westeuropas (einschlie\u00dflich Deutschland, \u00d6sterreich und die Schweiz), die ihm bis sp\u00e4testens 1999 die Zulassung gew\u00e4hrten. Eine italienische Besonderheit [&hellip;]<\/p>","protected":false},"author":1,"featured_media":0,"comment_status":"closed","ping_status":"open","sticky":false,"template":"","format":"standard","meta":{"_crdt_document":"","ngg_post_thumbnail":0,"_jetpack_memberships_contains_paid_content":false,"footnotes":""},"categories":[1],"tags":[],"class_list":["post-60617","post","type-post","status-publish","format-standard","hentry","category-allgemein","entity-pd","entity-pdl","entity-who","issue-coronapandemie","issue-good-news","location-italy","location-sudtirolo","language-deutsch","person-silvio-berlusconi","topic-feminae","topic-gesundheit","topic-politik","topic-recht"],"jetpack_featured_media_url":"","jetpack_sharing_enabled":true,"_links":{"self":[{"href":"https:\/\/www.brennerbasisdemokratie.eu\/index.php?rest_route=\/wp\/v2\/posts\/60617","targetHints":{"allow":["GET"]}}],"collection":[{"href":"https:\/\/www.brennerbasisdemokratie.eu\/index.php?rest_route=\/wp\/v2\/posts"}],"about":[{"href":"https:\/\/www.brennerbasisdemokratie.eu\/index.php?rest_route=\/wp\/v2\/types\/post"}],"author":[{"embeddable":true,"href":"https:\/\/www.brennerbasisdemokratie.eu\/index.php?rest_route=\/wp\/v2\/users\/1"}],"replies":[{"embeddable":true,"href":"https:\/\/www.brennerbasisdemokratie.eu\/index.php?rest_route=%2Fwp%2Fv2%2Fcomments&post=60617"}],"version-history":[{"count":9,"href":"https:\/\/www.brennerbasisdemokratie.eu\/index.php?rest_route=\/wp\/v2\/posts\/60617\/revisions"}],"predecessor-version":[{"id":86781,"href":"https:\/\/www.brennerbasisdemokratie.eu\/index.php?rest_route=\/wp\/v2\/posts\/60617\/revisions\/86781"}],"wp:attachment":[{"href":"https:\/\/www.brennerbasisdemokratie.eu\/index.php?rest_route=%2Fwp%2Fv2%2Fmedia&parent=60617"}],"wp:term":[{"taxonomy":"category","embeddable":true,"href":"https:\/\/www.brennerbasisdemokratie.eu\/index.php?rest_route=%2Fwp%2Fv2%2Fcategories&post=60617"},{"taxonomy":"post_tag","embeddable":true,"href":"https:\/\/www.brennerbasisdemokratie.eu\/index.php?rest_route=%2Fwp%2Fv2%2Ftags&post=60617"}],"curies":[{"name":"wp","href":"https:\/\/api.w.org\/{rel}","templated":true}]}}