{"id":60782,"date":"2020-09-21T22:24:20","date_gmt":"2020-09-21T20:24:20","guid":{"rendered":"https:\/\/www.brennerbasisdemokratie.eu\/?p=60782"},"modified":"2025-08-11T20:54:28","modified_gmt":"2025-08-11T18:54:28","slug":"paese-ingessato-immobile-senza-visione","status":"publish","type":"post","link":"https:\/\/www.brennerbasisdemokratie.eu\/?p=60782","title":{"rendered":"Paese ingessato, immobile, senza visione."},"content":{"rendered":"<blockquote><p>Dopo aver vissuto in Olanda per oltre dieci anni, il rientro in Italia \u00e8 stato, per mille motivi, davvero traumatico. L&#8217;impressione \u00e8 che mentre altrove si avanza, si sviluppa, si innova, l&#8217;Italia \u00e8 un paese [\u2026] fermo, avviluppato su s\u00e9 stesso, impegnato in discussioni tra l&#8217;inutile e lo stupido.<\/p><\/blockquote>\n<blockquote><p>[L]\u00ec il sistema, l&#8217;organizzazione viene incontro all&#8217;elettore rendendogli l&#8217;esercizio del voto, e quindi l&#8217;esercizio della democrazia, il pi\u00f9 agevole possibile[.]<\/p><\/blockquote>\n<blockquote><p>\u00c8 drammatico come queste (e molte altre) cose tutte fattibili e che faciliterebbero la vita dei cittadini, li renderebbe anche pi\u00f9 partecipi e consapevoli, in Italia nemmeno vengono discusse e, pur dispiacendomene, non mi meraviglio affatto che l&#8217;Olanda (e non solo) guarda con molto sospetto all&#8217;Italia (e non solo) quando si tratta di distribuire risorse economiche europee[.]<\/p><\/blockquote>\n<blockquote><p>[L&#8217;Italia \u00e8] un paese ingessato, immobile, senza visione[.]<\/p><\/blockquote>\n<p><em>Cuno Tarfusser, gi\u00e0 vicepresidente della Corte penale internazionale dell&#8217;Aia, commentando su<\/em> Salto <em><a title=\"Salto: Il sistema di voto arcaico dell'Italia.\" href=\"https:\/\/www.salto.bz\/de\/article\/19092020\/il-sistema-di-voto-arcaico-dellitalia\" target=\"_blank\" rel=\"noopener noreferrer\">un articolo<\/a> di Gerhard Mumelter sull&#8217;arretratezza del sistema elettorale italiano.<\/em><\/p>\n<p><strong><span style=\"font-family: Helvetica, Arial, sans-serif; text-transform: uppercase;\">C\u00ebla enghe:<\/span><\/strong> <a title=\"Stato centralista e patologicamente burocratico.\" href=\"https:\/\/www.brennerbasisdemokratie.eu\/?p=42858\"><code>01<\/code><\/a> <span style=\"font-family: Helvetica, Arial, sans-serif; font-weight: normal;\">||<\/span> <a title=\"Universit\u00e0: Rigidit\u00e0 medievale del tutto antistorica.\" href=\"https:\/\/www.brennerbasisdemokratie.eu\/?p=73271\" rel=\"\"><span style=\"color: #ff8c00\"><code>01<\/code><\/span><\/a> <a title=\"Alles erstickende B\u00fcrokratie.\" href=\"https:\/\/www.brennerbasisdemokratie.eu\/?p=93745\"><span style=\"color: #ff8c00\"><code>02<\/code><\/span><\/a><\/p>","protected":false},"excerpt":{"rendered":"<p>Dopo aver vissuto in Olanda per oltre dieci anni, il rientro in Italia \u00e8 stato, per mille motivi, davvero traumatico. L&#8217;impressione \u00e8 che mentre altrove si avanza, si sviluppa, si innova, l&#8217;Italia \u00e8 un paese [\u2026] fermo, avviluppato su s\u00e9 stesso, impegnato in discussioni tra l&#8217;inutile e lo stupido. [L]\u00ec il sistema, l&#8217;organizzazione viene incontro [&hellip;]<\/p>","protected":false},"author":1,"featured_media":0,"comment_status":"open","ping_status":"open","sticky":false,"template":"","format":"standard","meta":{"_crdt_document":"","ngg_post_thumbnail":0,"_jetpack_memberships_contains_paid_content":false,"footnotes":""},"categories":[1],"tags":[],"class_list":["post-60782","post","type-post","status-publish","format-standard","hentry","category-allgemein","issue-quotation","location-italy","location-niederlande","language-italiano","medium-salto","person-gerhard-mumelter","topic-buerokratismus","topic-democrazia","topic-servicepublic"],"jetpack_featured_media_url":"","jetpack_sharing_enabled":true,"_links":{"self":[{"href":"https:\/\/www.brennerbasisdemokratie.eu\/index.php?rest_route=\/wp\/v2\/posts\/60782","targetHints":{"allow":["GET"]}}],"collection":[{"href":"https:\/\/www.brennerbasisdemokratie.eu\/index.php?rest_route=\/wp\/v2\/posts"}],"about":[{"href":"https:\/\/www.brennerbasisdemokratie.eu\/index.php?rest_route=\/wp\/v2\/types\/post"}],"author":[{"embeddable":true,"href":"https:\/\/www.brennerbasisdemokratie.eu\/index.php?rest_route=\/wp\/v2\/users\/1"}],"replies":[{"embeddable":true,"href":"https:\/\/www.brennerbasisdemokratie.eu\/index.php?rest_route=%2Fwp%2Fv2%2Fcomments&post=60782"}],"version-history":[{"count":10,"href":"https:\/\/www.brennerbasisdemokratie.eu\/index.php?rest_route=\/wp\/v2\/posts\/60782\/revisions"}],"predecessor-version":[{"id":93861,"href":"https:\/\/www.brennerbasisdemokratie.eu\/index.php?rest_route=\/wp\/v2\/posts\/60782\/revisions\/93861"}],"wp:attachment":[{"href":"https:\/\/www.brennerbasisdemokratie.eu\/index.php?rest_route=%2Fwp%2Fv2%2Fmedia&parent=60782"}],"wp:term":[{"taxonomy":"category","embeddable":true,"href":"https:\/\/www.brennerbasisdemokratie.eu\/index.php?rest_route=%2Fwp%2Fv2%2Fcategories&post=60782"},{"taxonomy":"post_tag","embeddable":true,"href":"https:\/\/www.brennerbasisdemokratie.eu\/index.php?rest_route=%2Fwp%2Fv2%2Ftags&post=60782"}],"curies":[{"name":"wp","href":"https:\/\/api.w.org\/{rel}","templated":true}]}}