{"id":60917,"date":"2020-09-24T20:12:10","date_gmt":"2020-09-24T18:12:10","guid":{"rendered":"https:\/\/www.brennerbasisdemokratie.eu\/?p=60917"},"modified":"2023-12-09T23:44:24","modified_gmt":"2023-12-09T22:44:24","slug":"bremen-verbietet-reichskriegsflagge","status":"publish","type":"post","link":"https:\/\/www.brennerbasisdemokratie.eu\/?p=60917","title":{"rendered":"Bremen verbietet Reichs(kriegs)&shy;flagge."},"content":{"rendered":"<p>Mit einem bereits seit Montag dieser Woche g\u00fcltigen Erlass hat das Land Bremen das Zeigen von Reichs- und Reichskriegsflaggen in der \u00d6ffentlichkeit verboten. Betroffen sind auch Varianten und Abwandlungen.<\/p>\n<p>Zuletzt hatten die schwarz-wei\u00df-roten Flaggen bei Kundgebungen gegen die Pandemie\u00adbek\u00e4mpfungs\u00adma\u00dfnahmen, an denen auch Neonazis und sogenannte Reichsb\u00fcrgerinnen beteiligt waren, f\u00fcr Irritationen gesorgt. Immer h\u00e4ufiger waren die nun aus dem \u00f6ffentlichen Raum verbannten Symbole zuletzt aber auch an Fenstern, Balkonen oder in Privatg\u00e4rten aufgetaucht.<\/p>\n<p>Bundesweit verboten ist nur die Reichskriegsflagge mit dem Hakenkreuz, wie sie von 1933 bis 1945 offiziell in Verwendung war. An ihrer Stelle waren bei extrem Rechten schon lange andere, nicht verbotene Varianten beliebt \u2014 doch noch nie waren sie so oft zu sehen, wie zuletzt.<\/p>\n<p>Wie der Innensenator von Bremen in einer offiziellen Mitteilung betont, wurde das Verbot in Abstimmung mit dem B\u00fcrgermeister von Bremen, dem Oberb\u00fcrgermeister von Bremerhaven und zivilgesellschaftlichen Akteurinnen beschlossen.<\/p>\n<p>Andere Bundesl\u00e4nder \u00fcberlegen bereits, die Ma\u00dfnahme zu kopieren. Die Regierung von Baden-W\u00fcrttemberg pl\u00e4diert f\u00fcr eine bundesweite Ausdehnung.<\/p>\n<p>S\u00fcdtirol hat leider nicht die Zust\u00e4ndigkeit, Symbole als verfassungsfeindlich einzustufen und zu verbieten.<\/p>\n<p><strong><span style=\"font-family: Helvetica, Arial, sans-serif; text-transform: uppercase;\">C\u00ebla enghe:<\/span><\/strong> <a title=\"Bayerisches Polizeiaufgabengesetz.\" href=\"https:\/\/www.brennerbasisdemokratie.eu\/?p=41250\"><code>01<\/code><\/a> <a title=\"Ein Land \u2014 wie Brandenburg.\" href=\"https:\/\/www.brennerbasisdemokratie.eu\/?p=11874\"><code>02<\/code><\/a> <a title=\"S\u00fcdtirol, nicht so gro\u00dfe Rechte.\" href=\"https:\/\/www.brennerbasisdemokratie.eu\/?p=53940\"><code>03<\/code><\/a> <a title=\"\u00d6ffnungszeiten: Vielleicht.\" href=\"https:\/\/www.brennerbasisdemokratie.eu\/?p=59454\"><code>04<\/code><\/a>\u00a0<span style=\"font-family: Helvetica, Arial, sans-serif; font-weight: normal;\">||<\/span> <a title=\"Z: Niedersachsen gegen Kriegssymbol.\" href=\"https:\/\/www.brennerbasisdemokratie.eu\/?p=71509\" rel=\"\"><span style=\"color: #ff8c00\"><code>01<\/code><\/span><\/a> <a href=\"https:\/\/www.brennerbasisdemokratie.eu\/?p=82520\" title=\"Ohne Bekenntnis zu Israel keine Einb\u00fcrgerung.\"><span style=\"color: #ff8c00\"><code>02<\/code><\/span><\/a><\/p>","protected":false},"excerpt":{"rendered":"<p>Mit einem bereits seit Montag dieser Woche g\u00fcltigen Erlass hat das Land Bremen das Zeigen von Reichs- und Reichskriegsflaggen in der \u00d6ffentlichkeit verboten. Betroffen sind auch Varianten und Abwandlungen. Zuletzt hatten die schwarz-wei\u00df-roten Flaggen bei Kundgebungen gegen die Pandemie\u00adbek\u00e4mpfungs\u00adma\u00dfnahmen, an denen auch Neonazis und sogenannte Reichsb\u00fcrgerinnen beteiligt waren, f\u00fcr Irritationen gesorgt. Immer h\u00e4ufiger waren die [&hellip;]<\/p>","protected":false},"author":1,"featured_media":0,"comment_status":"open","ping_status":"open","sticky":false,"template":"","format":"standard","meta":{"_crdt_document":"","ngg_post_thumbnail":0,"_jetpack_memberships_contains_paid_content":false,"footnotes":""},"categories":[1],"tags":[],"class_list":["post-60917","post","type-post","status-publish","format-standard","hentry","category-allgemein","issue-autonomievergleich","issue-good-news","location-deutschland","location-sudtirolo","language-deutsch","topic-comparatio","topic-faschismen","topic-politik","topic-recht","topic-symbolik","topic-vorzeigeautonomie","topic-zustaendigkeiten"],"jetpack_featured_media_url":"","jetpack_sharing_enabled":true,"_links":{"self":[{"href":"https:\/\/www.brennerbasisdemokratie.eu\/index.php?rest_route=\/wp\/v2\/posts\/60917","targetHints":{"allow":["GET"]}}],"collection":[{"href":"https:\/\/www.brennerbasisdemokratie.eu\/index.php?rest_route=\/wp\/v2\/posts"}],"about":[{"href":"https:\/\/www.brennerbasisdemokratie.eu\/index.php?rest_route=\/wp\/v2\/types\/post"}],"author":[{"embeddable":true,"href":"https:\/\/www.brennerbasisdemokratie.eu\/index.php?rest_route=\/wp\/v2\/users\/1"}],"replies":[{"embeddable":true,"href":"https:\/\/www.brennerbasisdemokratie.eu\/index.php?rest_route=%2Fwp%2Fv2%2Fcomments&post=60917"}],"version-history":[{"count":12,"href":"https:\/\/www.brennerbasisdemokratie.eu\/index.php?rest_route=\/wp\/v2\/posts\/60917\/revisions"}],"predecessor-version":[{"id":82530,"href":"https:\/\/www.brennerbasisdemokratie.eu\/index.php?rest_route=\/wp\/v2\/posts\/60917\/revisions\/82530"}],"wp:attachment":[{"href":"https:\/\/www.brennerbasisdemokratie.eu\/index.php?rest_route=%2Fwp%2Fv2%2Fmedia&parent=60917"}],"wp:term":[{"taxonomy":"category","embeddable":true,"href":"https:\/\/www.brennerbasisdemokratie.eu\/index.php?rest_route=%2Fwp%2Fv2%2Fcategories&post=60917"},{"taxonomy":"post_tag","embeddable":true,"href":"https:\/\/www.brennerbasisdemokratie.eu\/index.php?rest_route=%2Fwp%2Fv2%2Ftags&post=60917"}],"curies":[{"name":"wp","href":"https:\/\/api.w.org\/{rel}","templated":true}]}}