{"id":60963,"date":"2020-09-26T11:19:16","date_gmt":"2020-09-26T09:19:16","guid":{"rendered":"https:\/\/www.brennerbasisdemokratie.eu\/?p=60963"},"modified":"2025-05-05T13:19:34","modified_gmt":"2025-05-05T11:19:34","slug":"svp-fliegt-aus-stadtviertelraten","status":"publish","type":"post","link":"https:\/\/www.brennerbasisdemokratie.eu\/?p=60963","title":{"rendered":"SVP fliegt aus Stadtviertelr\u00e4ten."},"content":{"rendered":"<p>Einerseits wurde die <abbr title=\"S\u00fcdtiroler Volkspartei\">SVP<\/abbr> in Bozen bei der Gemeindewahl vom Wochenende \u2014 vor <em>Lega<\/em> und <abbr title=\"Partito Democratico\">PD<\/abbr> \u2014 wieder st\u00e4rkste Kraft. Andererseits verlor sie nicht nur einen Sitz im Gemeinderat, sondern flog auch aus zwei Stadtviertelr\u00e4ten: dem von Europa-Neustift (E-Neu) und dem von Don Bosco. In beiden F\u00e4llen holte die Sammelpartei nur etwa gleich viele Stimmen wie die <a title=\"Bozen: CPI fliegt raus.\" href=\"https:\/\/www.brennerbasisdemokratie.eu\/?p=60881\">gescheiterte<\/a> faschistische Liste von <em>CasaPound. <\/em>Im Fall von E-Neu waren es sogar weniger (<abbr title=\"CasaPound Italia\">CPI<\/abbr>: 651 &#8211; SVP: 641).<\/p>\n<p>Ob \u00fcberhaupt jemand aus der deutschen Sprachgruppe in den jeweils elfk\u00f6pfigen Stadtviertelr\u00e4ten von E-Neu und Don Bosco sitzen wird, kann erst nach den jetzt anstehenden Rochaden gesagt werden. Zur Umbesetzung wird es kommen, weil ein Sitz im Gemeinde- und im Stadtviertelrat nicht miteinander vereinbar sind.<\/p>\n<p>Bis zur Wahl war die <em>Volkspartei<\/em> von 2016 bis 2020 mit Doris Mattivi in E-Neu und mit Hannes Unterhofer in Don Bosco verteten. Letzterer hatte sogar den Vizevorsitz inne.<\/p>\n<p>Im April letzten Jahres war es im Stadtviertelrat von Don Bosco unter anderem wegen der v\u00f6lligen Vernachl\u00e4ssigung der deutschen Sprache beim Stadtviertelfest <a title=\"Consiglio di quartiere, CPI la fa da padrone.\" href=\"https:\/\/www.brennerbasisdemokratie.eu\/?p=48130\">zum Eklat gekommen.<\/a><\/p>\n<p><strong><span style=\"font-family: Helvetica, Arial, sans-serif; text-transform: uppercase;\">C\u00ebla enghe:<\/span><\/strong> <a title=\"GW20: Ergebnisse.\" href=\"https:\/\/www.brennerbasisdemokratie.eu\/?p=60825\"><code>01<\/code><\/a> <a title=\"GW20: Italienische Rechte auf dem Vormarsch.\" href=\"https:\/\/www.brennerbasisdemokratie.eu\/?p=60875\"><code>02<\/code><\/a> <a title=\"Don-Bosco-Viertel unterst\u00fctzt CasaItalia.\" href=\"https:\/\/www.brennerbasisdemokratie.eu\/?p=9572\"><code>03<\/code><\/a>&nbsp;<span style=\"font-family: Helvetica, Arial, sans-serif; font-weight: normal;\">||<\/span> <a title=\"Bozner Stadtviertelr\u00e4te: Deutsch inexistent.\" href=\"https:\/\/www.brennerbasisdemokratie.eu\/?p=64791\" rel=\"\"><span style=\"color: #ff8c00\"><code>01<\/code><\/span><\/a><\/p>","protected":false},"excerpt":{"rendered":"<p>Einerseits wurde die SVP in Bozen bei der Gemeindewahl vom Wochenende \u2014 vor Lega und PD \u2014 wieder st\u00e4rkste Kraft. Andererseits verlor sie nicht nur einen Sitz im Gemeinderat, sondern flog auch aus zwei Stadtviertelr\u00e4ten: dem von Europa-Neustift (E-Neu) und dem von Don Bosco. In beiden F\u00e4llen holte die Sammelpartei nur etwa gleich viele Stimmen [&hellip;]<\/p>","protected":false},"author":1,"featured_media":0,"comment_status":"open","ping_status":"open","sticky":false,"template":"","format":"standard","meta":{"_crdt_document":"","ngg_post_thumbnail":0,"_jetpack_memberships_contains_paid_content":false,"footnotes":""},"categories":[1],"tags":[],"class_list":["post-60963","post","type-post","status-publish","format-standard","hentry","category-allgemein","entity-gemeinde-bozen","entity-svp","issue-gemeindewahl-2020","location-sudtirolo","language-deutsch","topic-democrazia","topic-plurilinguism","topic-politik"],"jetpack_featured_media_url":"","jetpack_sharing_enabled":true,"_links":{"self":[{"href":"https:\/\/www.brennerbasisdemokratie.eu\/index.php?rest_route=\/wp\/v2\/posts\/60963","targetHints":{"allow":["GET"]}}],"collection":[{"href":"https:\/\/www.brennerbasisdemokratie.eu\/index.php?rest_route=\/wp\/v2\/posts"}],"about":[{"href":"https:\/\/www.brennerbasisdemokratie.eu\/index.php?rest_route=\/wp\/v2\/types\/post"}],"author":[{"embeddable":true,"href":"https:\/\/www.brennerbasisdemokratie.eu\/index.php?rest_route=\/wp\/v2\/users\/1"}],"replies":[{"embeddable":true,"href":"https:\/\/www.brennerbasisdemokratie.eu\/index.php?rest_route=%2Fwp%2Fv2%2Fcomments&post=60963"}],"version-history":[{"count":12,"href":"https:\/\/www.brennerbasisdemokratie.eu\/index.php?rest_route=\/wp\/v2\/posts\/60963\/revisions"}],"predecessor-version":[{"id":91739,"href":"https:\/\/www.brennerbasisdemokratie.eu\/index.php?rest_route=\/wp\/v2\/posts\/60963\/revisions\/91739"}],"wp:attachment":[{"href":"https:\/\/www.brennerbasisdemokratie.eu\/index.php?rest_route=%2Fwp%2Fv2%2Fmedia&parent=60963"}],"wp:term":[{"taxonomy":"category","embeddable":true,"href":"https:\/\/www.brennerbasisdemokratie.eu\/index.php?rest_route=%2Fwp%2Fv2%2Fcategories&post=60963"},{"taxonomy":"post_tag","embeddable":true,"href":"https:\/\/www.brennerbasisdemokratie.eu\/index.php?rest_route=%2Fwp%2Fv2%2Ftags&post=60963"}],"curies":[{"name":"wp","href":"https:\/\/api.w.org\/{rel}","templated":true}]}}