{"id":61159,"date":"2020-10-07T21:36:36","date_gmt":"2020-10-07T19:36:36","guid":{"rendered":"https:\/\/www.brennerbasisdemokratie.eu\/?p=61159"},"modified":"2026-01-29T10:31:12","modified_gmt":"2026-01-29T09:31:12","slug":"die-sprachgruppe-der-kandidatinnen-ist-geheim-aber-offentlich","status":"publish","type":"post","link":"https:\/\/www.brennerbasisdemokratie.eu\/?p=61159","title":{"rendered":"Die Sprachgruppe der Kandidatinnen ist geheim. Aber \u00f6ffentlich."},"content":{"rendered":"<p>Nach der Gemeinderatswahl vom 20. und 21. September sowie der erst am 22. September durchgef\u00fchrten Ausz\u00e4hlung schrieb Marco Angelucci im S\u00fcdtiroler <em>Corriere<\/em> (am 23.) unter anderem:<\/p>\n<blockquote><p>Die Zersplitterung hat schwer gewogen und die italienische Vertretung ist [aus der Wahl] stark geschrumpft hervorgegangen. Dieser Niedergang schreitet seit Jahren voran und scheint nunmehr unaufhaltsam. Zumindest solange die italienische Gemeinschaft in den T\u00e4lern nicht die Kirchturmpolitik aufgibt.<\/p><\/blockquote>\n<details>\n<summary><em><small>\u00dcbersetzung von mir (<span style=\"text-decoration: underline;\">Original anzeigen<\/span>)<\/small><\/em><\/summary>\n<p style=\"padding-left: 40px;\">Le divisioni hanno pesato parecchio e la rappresentanza italiana \u00e8 uscita fortemente ridimensionata. Un declino che va avanti da anni e che sembra ormai inarrestabile. Almeno fino a quando la comunit\u00e0 italiana delle valli non metter\u00e0 da parte i campanilismi.<\/p>\n<\/details>\n<p>Ich wollte der Sache nachgehen \u2014 nicht nur, aber auch weil sie einerseits meinem Bauchgef\u00fchl widerspricht und andererseits so gut zum <a title=\"Kaum mehr Italiener\u2026?\" href=\"https:\/\/www.brennerbasisdemokratie.eu\/?p=33749\">Mythos<\/a> der immer einsprachigeren Landgemeinden schrumpfenden Italieneranteil passt.<\/p>\n<p>Da auf den Plakaten mit den Kandidatenlisten, die in den Wahlsektionen aufgeh\u00e4ngt sind, neben jeder Kandidatin auch die Sprachgruppe steht, dachte ich, dass diese Angaben \u00f6ffentlich sind. Ich habe mich also (am 25. September) in Berufung auf das Informationsfreiheitsgesetz an das f\u00fcr die Gemeindewahlen zust\u00e4ndige Wahlamt der Region gewandt und um die Aush\u00e4ndigung der entsprechenden Listen gebeten.<\/p>\n<p>Doch gestern kam die ablehnende Antwort: Bei den angefragten Informationen handle es sich um personenbezogene Daten, die die Region auch nicht auf ihrer eigenen Homepage ver\u00f6ffentlicht, da sie vom <abbr title=\"Gesetzesvertretendes Dekret\">GvD<\/abbr> Nr. 33\/2013 und von der <abbr title=\"Datenschutz-Grundverordnung\">DSGVO<\/abbr> gesch\u00fctzt seien. Sie d\u00fcrften laut Regionalgesetz nur von den Gemeinden auf den Plakaten mit den Kandidaturen ver\u00f6ffentlicht werden.<\/p>\n<p>Dass die Sprachgruppenzugeh\u00f6rigkeit von Kandidatinnen geheim ist, st\u00f6rt mich nicht \u2014 eher im Gegenteil. Doch das Prinzip, wonach sie gleichzeitig \u00f6ffentlich und streng gesch\u00fctzt sind, erschlie\u00dft sich mir ehrlich gesagt nicht. In diesem Fall w\u00e4ren (das entsprechende Interesse vorausgesetzt) lediglich jene beg\u00fcnstigt, die die logistische und\/oder finanzielle M\u00f6glichkeit h\u00e4tten, sich am Wahltag in jede einzelne Gemeinde zu begeben, um dort die jeweiligen Plakate mit den (\u00f6ffentlich-geheimen) Angaben zu fotografieren oder meinetwegen abzuschreiben. Aber kann der Zugang zu Daten \u2014 wenn wir schon von Informationsfreiheit sprechen \u2014 lediglich von materiellen Voraussetzungen abh\u00e4ngig gemacht werden? Das finde ich problematisch.<\/p>\n<p>Im \u00dcbrigen bleibt mir zumindest vorerst nichts anderes \u00fcbrig, als dem Bauchgef\u00fchl von Angelucci<sup class=\"modern-footnotes-footnote modern-footnotes-footnote--hover-on-desktop \" data-mfn=\"1\" data-mfn-post-scope=\"00000000000007e30000000000000000_61159\"><a href=\"javascript:void(0)\"  role=\"button\" aria-pressed=\"false\" aria-describedby=\"mfn-content-00000000000007e30000000000000000_61159-1\">1<\/a><\/sup><span id=\"mfn-content-00000000000007e30000000000000000_61159-1\" role=\"tooltip\" class=\"modern-footnotes-footnote__note\" tabindex=\"0\" data-mfn=\"1\">Ich unterstelle, dass er sich nicht die M\u00fche gemacht hat, in den 113 Gemeinden, in denen gew\u00e4hlt wurde, einzeln die Sprachgruppenzugeh\u00f6rigkeit der Gew\u00e4hlten zu recherchieren.<\/span> mit meinem Bauchgef\u00fchl zu widersprechen \u2014 anstatt, wie es meine Art w\u00e4re, mit m\u00f6glichst objektiven Daten.<\/p>\n<p><strong><span style=\"font-family: Helvetica, Arial, sans-serif; text-transform: uppercase;\">C\u00ebla enghe:<\/span><\/strong> <a title=\"GW20: Italienische Rechte auf dem Vormarsch.\" href=\"https:\/\/www.brennerbasisdemokratie.eu\/?p=60875\"><code>01<\/code><\/a> <a title=\"GW20: Ergebnisse.\" href=\"https:\/\/www.brennerbasisdemokratie.eu\/?p=60825\"><code>02<\/code><\/a> <a title=\"Disagio 2.0, stop ai fatti!\" href=\"https:\/\/www.brennerbasisdemokratie.eu\/?p=32573\"><code>03<\/code><\/a><\/p>\n<ul class=\"modern-footnotes-list modern-footnotes-list--show-only-for-print\"><li><span>1<\/span><div>Ich unterstelle, dass er sich nicht die M\u00fche gemacht hat, in den 113 Gemeinden, in denen gew\u00e4hlt wurde, einzeln die Sprachgruppenzugeh\u00f6rigkeit der Gew\u00e4hlten zu recherchieren.<\/div><\/li><\/ul>","protected":false},"excerpt":{"rendered":"<p>Nach der Gemeinderatswahl vom 20. und 21. September sowie der erst am 22. September durchgef\u00fchrten Ausz\u00e4hlung schrieb Marco Angelucci im S\u00fcdtiroler Corriere (am 23.) unter anderem: Die Zersplitterung hat schwer gewogen und die italienische Vertretung ist [aus der Wahl] stark geschrumpft hervorgegangen. Dieser Niedergang schreitet seit Jahren voran und scheint nunmehr unaufhaltsam. Zumindest solange die [&hellip;]<\/p>","protected":false},"author":1,"featured_media":0,"comment_status":"open","ping_status":"open","sticky":false,"template":"","format":"standard","meta":{"_crdt_document":"","ngg_post_thumbnail":0,"_jetpack_memberships_contains_paid_content":false,"footnotes":""},"categories":[1],"tags":[],"class_list":["post-61159","post","type-post","status-publish","format-standard","hentry","category-allgemein","entity-region-sudtirol-trentino","issue-gemeindewahl-2020","issue-zitac","location-sudtirolo","location-trentino","language-deutsch","medium-corriere","person-marco-angelucci","topic-datenschutz","topic-democrazia","topic-politik","topic-recherche","topic-recht","topic-servicepublic","topic-statistik","topic-transparenz"],"jetpack_featured_media_url":"","jetpack_sharing_enabled":true,"_links":{"self":[{"href":"https:\/\/www.brennerbasisdemokratie.eu\/index.php?rest_route=\/wp\/v2\/posts\/61159","targetHints":{"allow":["GET"]}}],"collection":[{"href":"https:\/\/www.brennerbasisdemokratie.eu\/index.php?rest_route=\/wp\/v2\/posts"}],"about":[{"href":"https:\/\/www.brennerbasisdemokratie.eu\/index.php?rest_route=\/wp\/v2\/types\/post"}],"author":[{"embeddable":true,"href":"https:\/\/www.brennerbasisdemokratie.eu\/index.php?rest_route=\/wp\/v2\/users\/1"}],"replies":[{"embeddable":true,"href":"https:\/\/www.brennerbasisdemokratie.eu\/index.php?rest_route=%2Fwp%2Fv2%2Fcomments&post=61159"}],"version-history":[{"count":14,"href":"https:\/\/www.brennerbasisdemokratie.eu\/index.php?rest_route=\/wp\/v2\/posts\/61159\/revisions"}],"predecessor-version":[{"id":97729,"href":"https:\/\/www.brennerbasisdemokratie.eu\/index.php?rest_route=\/wp\/v2\/posts\/61159\/revisions\/97729"}],"wp:attachment":[{"href":"https:\/\/www.brennerbasisdemokratie.eu\/index.php?rest_route=%2Fwp%2Fv2%2Fmedia&parent=61159"}],"wp:term":[{"taxonomy":"category","embeddable":true,"href":"https:\/\/www.brennerbasisdemokratie.eu\/index.php?rest_route=%2Fwp%2Fv2%2Fcategories&post=61159"},{"taxonomy":"post_tag","embeddable":true,"href":"https:\/\/www.brennerbasisdemokratie.eu\/index.php?rest_route=%2Fwp%2Fv2%2Ftags&post=61159"}],"curies":[{"name":"wp","href":"https:\/\/api.w.org\/{rel}","templated":true}]}}