{"id":61179,"date":"2020-10-08T21:03:36","date_gmt":"2020-10-08T19:03:36","guid":{"rendered":"https:\/\/www.brennerbasisdemokratie.eu\/?p=61179"},"modified":"2020-10-09T09:18:13","modified_gmt":"2020-10-09T07:18:13","slug":"liebe-bauern","status":"publish","type":"post","link":"https:\/\/www.brennerbasisdemokratie.eu\/?p=61179","title":{"rendered":"Liebe Bauern!"},"content":{"rendered":"<p>Eigentlich sollte ich \u00bbliebe <em>einige<\/em> Bauern\u00ab oder noch genauer \u00bbliebe <em>einige Obst<\/em>bauern\u00ab schreiben; jedenfalls B\u00e4uerinnen, die ihr dem Ruf von anderen \u2014 und auch unserer Umwelt \u2014 Schaden zuf\u00fcgt.<\/p>\n<p>Nein, es geht hier nicht um die vermaledeiten <a title=\"Vom Winde verweht.\" href=\"https:\/\/www.brennerbasisdemokratie.eu\/?p=61108\">Pestizide<\/a> (oder wenn es euch besser gef\u00e4llt: Pflanzenschutzmittel), sondern um einen vergleichsweise kleinen, unbedeutenden Nebenschauplatz. Ich war heute nach der Arbeit wieder einmal mit dem Fahrrad unterwegs und werde hier meinem \u00c4rger freien Lauf lassen.<\/p>\n<p>Es ist wirklich okay, dass ihr in der Erntezeit mit euren Traktoren die Stra\u00dfen verstopft. Als Autofahrer versuche ich nicht ungehalten \u2014 sondern geduldig \u2014 zu reagieren und mich trotz allem an die Verkehrsordnung zu halten. Im Gegensatz zu vielen, die entnervt \u00fcberholen, egal wie un\u00fcbersichtlich die Stra\u00dfe ist. Gut, ihr k\u00f6nntet vielleicht auch ab und zu \u2014 wie vorgeschrieben \u2014 zur Seite fahren (s. Art. 148 Abs. 5 der StVO).<\/p>\n<p>Auch okay ist, dass die LKWs, die eure Ernte abholen, die Stra\u00dfen versperren, obschon manchmal ein Warndreieck auf das pl\u00f6tzlich hinter einer Kurve aufwartende, un\u00fcberwindbare Hindernis aufmerksam machen k\u00f6nnte. Dass ihr die \u00f6ffentlichen Stra\u00dfen als Rangierfl\u00e4chen beim Beladen der Anh\u00e4nger nutzt, finde ich ebenfalls in Ordnung. Der Einsatz eines Blinkers k\u00f6nnte jedoch manchmal Wunder wirken.<\/p>\n<p>Aber gut, das ist in der Erntezeit wirklich alles verkraftbar. Weniger verkraftbar ist \u2014 zumindest f\u00fcr mich \u2014, dass ihr den M\u00fcll (zumeist Flaschen, aber auch jede Menge Papierelen), der im Rahmen der Erntearbeit anf\u00e4llt, einfach am Rande eurer Obstwiesen liegen l\u00e4sst, der zu allem \u00dcberfluss h\u00e4ufig mit dem Stra\u00dfen- oder Wegesrand zusammenf\u00e4llt. Es ist schon alles andere als sch\u00f6n anzusehen, wenn ihr das tags\u00fcber macht, besonders dann, wenn sich die genannten Papierelen im Zusammenspiel mit den Naturkr\u00e4ften verselbst\u00e4ndigen und dann an jeder Ecke herumfliegen. Ihr k\u00f6nntet doch f\u00fcr die Klauber einen M\u00fcllbeh\u00e4lter bereitstellen.<\/p>\n<p>Noch unsch\u00f6ner ist es, wenn ihr den M\u00fcll am Abend nach getaner Arbeit noch immer nicht wegr\u00e4umt, sondern bis zum Ende der gesamten Ernte zulasst, dass sich kleinere M\u00fcllhaufen ansammeln, deren volatilerer Teil sich dann eben davonmacht. Vom alles andere als sch\u00f6nen Bild mal abgesehen, tragen Sonne, Wind und Regen schon in kurzer Zeit dazu bei, dass sogenanntes Mikroplastik ins Erdreich und ins Grundwasser eindringt. Das Erdreich und Grundwasser eurer Felder und unserer gemeinsamen Umwelt.<\/p>\n<p>Ich wei\u00df schon, dass die meisten von euch den Dreck sp\u00e4testens nach einigen Tagen oder Wochen wegr\u00e4umen, doch leider werden die Flaschen dann erfahrungsgem\u00e4\u00df doch nicht immer alle wiedergefunden. Erfahrungsgem\u00e4\u00df, weil ich das schon seit Jahren beobachte und in den Monaten nach der Ernte \u2014 bis in den Fr\u00fchling hinein \u2014 vieles selbst einsammeln muss, wenn ich mir den M\u00fcll nicht jeden Tag beim Spaziergang ansehen will.<\/p>\n<p>Die Beh\u00f6rden scheinen sich f\u00fcr euer Fehlverhalten (ihr werdet mir doch zustimmen, dass es sich um Fehlverhalten handelt) nicht wirklich zu interessieren, obwohl sie es im Sinne des Umweltschutzes, der \u00f6ffentlichen Gesundheit und nicht zuletzt der Sauberkeit eigentlich sollten. Da werden beide Augen zugedr\u00fcckt. Ihr solltet euch meiner bescheidenen Meinung nach aber trotzdem Gedanken \u00fcber eure Mitverantwortung machen und versuchen, gegenzusteuern. Erstens w\u00e4re es wohl kein allzu gro\u00dfer Aufwand und zweitens seid ihr ja auch zu Recht stolz auf euren Ruf als Landschaftspfleger, mit dem viele der F\u00f6rdergelder gerechtfertigt werden \u2014 die euch auch meiner Meinung nach gro\u00dfteils zustehen. Das passt dann aber nicht mehr so gut zusammen.<\/p>\n<p>Dass ich mir mit dieser kleinen Anklage nicht nur Freunde machen werde, ist mir klar. Aber irgendwann musste es leider raus. Bei all denen, die ich hier unschuldig getroffen habe, m\u00f6chte ich mich entschuldigen.<\/p>\n<p><strong><span style=\"font-family: Helvetica, Arial, sans-serif; text-transform: uppercase;\">C\u00ebla enghe:<\/span><\/strong> <a title=\"S\u00fcdtirol verm\u00fcllt.\" href=\"https:\/\/www.brennerbasisdemokratie.eu\/?p=22330\"><code>01<\/code><\/a> <a title=\"Die Rodenecker\/L\u00fcsner Wanderautobahn.\" href=\"https:\/\/www.brennerbasisdemokratie.eu\/?p=51386\"><code>02<\/code><\/a> <a title=\"Zuviel S\u00fcnd\u2018 auf der Alm?\" href=\"https:\/\/www.brennerbasisdemokratie.eu\/?p=36063\"><code>03<\/code><\/a> <a title=\"In der Not: Regionalit\u00e4t?\" href=\"https:\/\/www.brennerbasisdemokratie.eu\/?p=29510\"><code>04<\/code><\/a><\/p>","protected":false},"excerpt":{"rendered":"<p>Eigentlich sollte ich \u00bbliebe einige Bauern\u00ab oder noch genauer \u00bbliebe einige Obstbauern\u00ab schreiben; jedenfalls B\u00e4uerinnen, die ihr dem Ruf von anderen \u2014 und auch unserer Umwelt \u2014 Schaden zuf\u00fcgt. Nein, es geht hier nicht um die vermaledeiten Pestizide (oder wenn es euch besser gef\u00e4llt: Pflanzenschutzmittel), sondern um einen vergleichsweise kleinen, unbedeutenden Nebenschauplatz. Ich war heute [&hellip;]<\/p>","protected":false},"author":1,"featured_media":0,"comment_status":"open","ping_status":"open","sticky":false,"template":"","format":"standard","meta":{"_crdt_document":"","ngg_post_thumbnail":0,"_jetpack_memberships_contains_paid_content":false,"footnotes":""},"categories":[1],"tags":[],"class_list":["post-61179","post","type-post","status-publish","format-standard","hentry","category-allgemein","location-sudtirolo","language-deutsch","topic-ecologia","topic-landwirtschaft","topic-mobilitaet"],"jetpack_featured_media_url":"","jetpack_sharing_enabled":true,"_links":{"self":[{"href":"https:\/\/www.brennerbasisdemokratie.eu\/index.php?rest_route=\/wp\/v2\/posts\/61179","targetHints":{"allow":["GET"]}}],"collection":[{"href":"https:\/\/www.brennerbasisdemokratie.eu\/index.php?rest_route=\/wp\/v2\/posts"}],"about":[{"href":"https:\/\/www.brennerbasisdemokratie.eu\/index.php?rest_route=\/wp\/v2\/types\/post"}],"author":[{"embeddable":true,"href":"https:\/\/www.brennerbasisdemokratie.eu\/index.php?rest_route=\/wp\/v2\/users\/1"}],"replies":[{"embeddable":true,"href":"https:\/\/www.brennerbasisdemokratie.eu\/index.php?rest_route=%2Fwp%2Fv2%2Fcomments&post=61179"}],"version-history":[{"count":17,"href":"https:\/\/www.brennerbasisdemokratie.eu\/index.php?rest_route=\/wp\/v2\/posts\/61179\/revisions"}],"predecessor-version":[{"id":61199,"href":"https:\/\/www.brennerbasisdemokratie.eu\/index.php?rest_route=\/wp\/v2\/posts\/61179\/revisions\/61199"}],"wp:attachment":[{"href":"https:\/\/www.brennerbasisdemokratie.eu\/index.php?rest_route=%2Fwp%2Fv2%2Fmedia&parent=61179"}],"wp:term":[{"taxonomy":"category","embeddable":true,"href":"https:\/\/www.brennerbasisdemokratie.eu\/index.php?rest_route=%2Fwp%2Fv2%2Fcategories&post=61179"},{"taxonomy":"post_tag","embeddable":true,"href":"https:\/\/www.brennerbasisdemokratie.eu\/index.php?rest_route=%2Fwp%2Fv2%2Ftags&post=61179"}],"curies":[{"name":"wp","href":"https:\/\/api.w.org\/{rel}","templated":true}]}}