{"id":61360,"date":"2020-10-19T21:32:09","date_gmt":"2020-10-19T19:32:09","guid":{"rendered":"https:\/\/www.brennerbasisdemokratie.eu\/?p=61360"},"modified":"2025-10-17T07:52:16","modified_gmt":"2025-10-17T05:52:16","slug":"regierungskommissariat-acht-monate-ohne-antwort","status":"publish","type":"post","link":"https:\/\/www.brennerbasisdemokratie.eu\/?p=61360","title":{"rendered":"Regierungskommissariat: Acht Monate ohne Antwort."},"content":{"rendered":"<p>Am 17. Februar dieses Jahres hatte ich mich mit einer zertifizierten E-Mail (ZEP) an das Regierungskommissariat gewandt, um mich zu erkundigen, warum sich das <abbr title=\"Nationales Institut f\u00fcr Sozialf\u00fcrsorge\">NISF<\/abbr> \u2014 wenigstens <a title=\"Indennit\u00e0 Covid? Monolingue.\" href=\"https:\/\/www.brennerbasisdemokratie.eu\/?p=56159\">teilweise<\/a> \u2014 an die Zweisprachigkeitsbestimmungen h\u00e4lt, w\u00e4hrend dies zum Beispiel bei der f\u00fcr Architektinnen und Ingenieurinnen zust\u00e4ndigen <em>Inarcassa<\/em> nicht der Fall ist. Ich bat darum, ggf. bei diesem F\u00fcrsorgeinstitut zu intervenieren, um die gesetzliche Verpflichtung zur Zweisprachigkeit zur Einhaltung zu bringen.<\/p>\n<p>Acht Monate sind seitdem vergangen, doch vom Regierungskommissariat \u2014 das, wie wir wissen, noch immer f\u00fcr die Ahndung von Zweisprachigkeitsverst\u00f6\u00dfen zust\u00e4ndig ist, weil es diese Aufgabe <a title=\"Margiacchi: Tre multe, tre.\" href=\"https:\/\/www.brennerbasisdemokratie.eu\/?p=30280\">so gro\u00dfartig wahrnimmt<\/a> \u2014 habe ich noch immer keine Antwort erhalten: weder einen Zwischenstand, noch eine Vertr\u00f6stung; genausowenig eine ablehnende oder beschwichtigende, von einer zustimmenden R\u00fcckmeldung ganz zu schweigen.<\/p>\n<p>Ein Zweidritteljahr ohne irgendein Lebenszeichen ist, mit Verlaub, auch in&nbsp;<em>Corona<\/em>-Zeiten einfach nicht hinnehmbar. Wenn die wohl seltenen Gelegenheiten, wo jemand seine Rechte geltend macht, zu keinem wie auch immer gearteten Ergebnis f\u00fchren, ist das eine Art Sabotage. So war das mit dem Minderheitenschutz im Pariser Vertrag und im Paket wohl nicht gemeint.<\/p>\n<p><strong><span style=\"font-family: Helvetica, Arial, sans-serif; text-transform: uppercase;\">C\u00ebla enghe:<\/span><\/strong> <a title=\"Dal prefetto nemmeno una risposta.\" href=\"https:\/\/www.brennerbasisdemokratie.eu\/?p=11510\"><code>01<\/code><\/a> <a title=\"Zweisprachigkeit: Weiterhin unzust\u00e4ndig.\" href=\"https:\/\/www.brennerbasisdemokratie.eu\/?p=30531\"><code>02<\/code><\/a> <a title=\"Prefettura, chiesto il passaggio di competenze.\" href=\"https:\/\/www.brennerbasisdemokratie.eu\/?p=49810\"><code>03<\/code><\/a> <a title=\"Digitalisierung killt Zweisprachigkeit.\" href=\"https:\/\/www.brennerbasisdemokratie.eu\/?p=31990\"><code>04<\/code><\/a> <span style=\"font-family: Helvetica, Arial, sans-serif; font-weight: normal;\">||<\/span> <a title=\"Regierungskommissariat: Kein Anschluss unter dieser Adresse.\" href=\"https:\/\/www.brennerbasisdemokratie.eu\/?p=90126\"><span style=\"color:#ff8c00; text-decoration:underline; text-decoration-color:#ff8c00; text-decoration-thickness:3px;\"><code>01<\/code><\/span><\/a><\/p>","protected":false},"excerpt":{"rendered":"<p>Am 17. Februar dieses Jahres hatte ich mich mit einer zertifizierten E-Mail (ZEP) an das Regierungskommissariat gewandt, um mich zu erkundigen, warum sich das NISF \u2014 wenigstens teilweise \u2014 an die Zweisprachigkeitsbestimmungen h\u00e4lt, w\u00e4hrend dies zum Beispiel bei der f\u00fcr Architektinnen und Ingenieurinnen zust\u00e4ndigen Inarcassa nicht der Fall ist. Ich bat darum, ggf. bei diesem [&hellip;]<\/p>","protected":false},"author":1,"featured_media":0,"comment_status":"open","ping_status":"open","sticky":false,"template":"","format":"standard","meta":{"_crdt_document":"","ngg_post_thumbnail":0,"_jetpack_memberships_contains_paid_content":false,"footnotes":""},"categories":[1],"tags":[],"class_list":["post-61360","post","type-post","status-publish","format-standard","hentry","category-allgemein","entity-nisf","entity-regierungskommissariat","issue-bilinguismo-negato","location-sudtirolo","language-deutsch","topic-buerokratismus","topic-discriminaziun","topic-minderheitenschutz","topic-plurilinguism","topic-servicepublic","topic-soziales","topic-vorzeigeautonomie"],"jetpack_featured_media_url":"","jetpack_sharing_enabled":true,"_links":{"self":[{"href":"https:\/\/www.brennerbasisdemokratie.eu\/index.php?rest_route=\/wp\/v2\/posts\/61360","targetHints":{"allow":["GET"]}}],"collection":[{"href":"https:\/\/www.brennerbasisdemokratie.eu\/index.php?rest_route=\/wp\/v2\/posts"}],"about":[{"href":"https:\/\/www.brennerbasisdemokratie.eu\/index.php?rest_route=\/wp\/v2\/types\/post"}],"author":[{"embeddable":true,"href":"https:\/\/www.brennerbasisdemokratie.eu\/index.php?rest_route=\/wp\/v2\/users\/1"}],"replies":[{"embeddable":true,"href":"https:\/\/www.brennerbasisdemokratie.eu\/index.php?rest_route=%2Fwp%2Fv2%2Fcomments&post=61360"}],"version-history":[{"count":10,"href":"https:\/\/www.brennerbasisdemokratie.eu\/index.php?rest_route=\/wp\/v2\/posts\/61360\/revisions"}],"predecessor-version":[{"id":95420,"href":"https:\/\/www.brennerbasisdemokratie.eu\/index.php?rest_route=\/wp\/v2\/posts\/61360\/revisions\/95420"}],"wp:attachment":[{"href":"https:\/\/www.brennerbasisdemokratie.eu\/index.php?rest_route=%2Fwp%2Fv2%2Fmedia&parent=61360"}],"wp:term":[{"taxonomy":"category","embeddable":true,"href":"https:\/\/www.brennerbasisdemokratie.eu\/index.php?rest_route=%2Fwp%2Fv2%2Fcategories&post=61360"},{"taxonomy":"post_tag","embeddable":true,"href":"https:\/\/www.brennerbasisdemokratie.eu\/index.php?rest_route=%2Fwp%2Fv2%2Ftags&post=61360"}],"curies":[{"name":"wp","href":"https:\/\/api.w.org\/{rel}","templated":true}]}}