{"id":61402,"date":"2020-10-22T11:15:14","date_gmt":"2020-10-22T09:15:14","guid":{"rendered":"https:\/\/www.brennerbasisdemokratie.eu\/?p=61402"},"modified":"2023-01-05T20:06:40","modified_gmt":"2023-01-05T19:06:40","slug":"major-trapero-freigesprochen","status":"publish","type":"post","link":"https:\/\/www.brennerbasisdemokratie.eu\/?p=61402","title":{"rendered":"Major Trapero freigesprochen."},"content":{"rendered":"<p>Das spanische Sondergericht <em>Audiencia Nacional<\/em> in Madrid hat den ehemaligen Chef der katalanischen Landespolizei <em>Mossos d&#8217;Esquadra<\/em> von allen Anklagepunkten freigesprochen: weder des Aufruhrs, noch des Ungehorsams und schon gar nicht der <a title=\"Die \u00bbRebellion\u00ab nimmt Gestalt an.\" href=\"https:\/\/www.brennerbasisdemokratie.eu\/?p=37263\">Rebellion<\/a> soll er sich schuldig gemacht haben. Letzteres war schon zuvor fallengelassen worden.<\/p>\n<p>Sowohl die spanische Milit\u00e4rpolizei <em>Guardia Civil,<\/em> als auch die Staatsanwaltschaft hatten Josep Llu\u00eds Trapero wegen des Vorgehens der <em>Mossos<\/em> beim Referendum vom 1. Oktober 2017 und <a title=\"Eil: Staatsstreich in Barcelona.\" href=\"https:\/\/www.brennerbasisdemokratie.eu\/?p=36347\">in den vorhergehenden Tagen<\/a> schwerst beschuldigt.<\/p>\n<p>Speziell am 1. Oktober hatten die <em>Mossos<\/em> eine klar deeskalierende Haltung eingenommen, teils waren Agentinnen der Landespolizei und der staatlichen Polizeien <em>(Policia Nacional<\/em> und <em>Guardia Civil)<\/em> sogar aneinandergeraten.<\/p>\n<p>Mit dem Freispruch ist nun gerade jene absurde Situation eingetreten, vor der viele eindringlich gewarnt hatten, als das Verfahren gegen Trapero von jenem gegen die Politikerinnen getrennt wurde: Mehrere der politisch Verantwortlichen sitzen seit Jahren \u2014 und voraussichtlich noch lange Zeit \u2014 f\u00fcr etwas in Haft, was es zumindest teilweise, jedenfalls laut <em>Audiencia Nacional,<\/em> so gar nicht gegeben hat. Insbesondere zum Urteil gegen den damaligen, f\u00fcr die <em>Mossos<\/em> verantwortlichen, katalanischen Innenminister Joaquim Forn (<abbr title=\"Junts per Catalunya\">JxC<\/abbr>) ergeben sich grobe Widerspr\u00fcche.<\/p>\n<p>Aber vielleicht war eine unterschiedliche Behandlung von vornherein gewollt und ein gewichtiger Mitgrund f\u00fcr die Trennung der beiden Gerichtsverfahren.<\/p>\n<p>Ob Major Trapero, der nach <a title=\"Einigung zu Aussetzung der katalanischen Autonomie.\" href=\"https:\/\/www.brennerbasisdemokratie.eu\/?p=37089\">Gleichschaltung der katalanischen Autonomie<\/a> Ende Oktober 2017 von der spanischen Zentralregierung entlassen worden war, wieder in den Dienst zur\u00fcckkehren wird, ist derzeit unklar. Schon kurz nach seiner Wahl zum katalanischen Pr\u00e4sidenten im Fr\u00fchjahr 2018 hatte Quim Torra (JxC) ihm die R\u00fcckgabe seines Postens in Aussicht gestellt.<\/p>\n<p>Der nunmehrige Freispruch des Majors wurde von vielen, auch von Unabh\u00e4ngigkeitsgegnerinnen wie der B\u00fcrgermeisterin von Barcelona, Ada Colau (<abbr title=\"Barcelona en Com\u00fa\">BenC<\/abbr>), \u00f6ffentlich begr\u00fc\u00dft. Sie verlieh ihrer Hoffnung Ausdruck, dass nun die Zeit der <a title=\"Lo schema della giudizializzazione.\" href=\"https:\/\/www.brennerbasisdemokratie.eu\/?p=48112\">Judizialisierung<\/a> vor\u00fcber sei und auch die verurteilten Politikerinnen bald aus der Haft entlassen werden k\u00f6nnten.<\/p>\n<p><strong><span style=\"font-family: Helvetica, Arial, sans-serif; text-transform: uppercase;\">C\u00ebla enghe:<\/span><\/strong> <a title=\"100 Jahre f\u00fcr ein Referendum.\" href=\"https:\/\/www.brennerbasisdemokratie.eu\/?p=51551\"><code>01<\/code><\/a> <a title=\"Spanien: Umerziehung f\u00fcr Politikerinnen?\" href=\"https:\/\/www.brennerbasisdemokratie.eu\/?p=59371\"><code>02<\/code><\/a> <a title=\"Katalanen weiterhin menschenrechtswidrig in Haft.\" href=\"https:\/\/www.brennerbasisdemokratie.eu\/?p=57868\"><code>03<\/code><\/a> <a title=\"Katalonien: Amnesty International bezeichnet Urteil als menschenrechtswidrig.\" href=\"https:\/\/www.brennerbasisdemokratie.eu\/?p=53057\"><code>04<\/code><\/a> <a title=\"1-O: \u2018Internationale Juristenkommission\u2019 h\u00e4lt Urteil f\u00fcr menschenrechtswidrig.\" href=\"https:\/\/www.brennerbasisdemokratie.eu\/?p=51604\"><code>05<\/code><\/a>\u00a0<span style=\"font-family: Helvetica, Arial, sans-serif; font-weight: normal;\">||<\/span> <a title=\"Trapero ha ripreso il comando dei Mossos.\" href=\"https:\/\/www.brennerbasisdemokratie.eu\/?p=61940\"><span style=\"color: #ff8c00\"><code>01<\/code><\/span><\/a><\/p>","protected":false},"excerpt":{"rendered":"<p>Das spanische Sondergericht Audiencia Nacional in Madrid hat den ehemaligen Chef der katalanischen Landespolizei Mossos d&#8217;Esquadra von allen Anklagepunkten freigesprochen: weder des Aufruhrs, noch des Ungehorsams und schon gar nicht der Rebellion soll er sich schuldig gemacht haben. Letzteres war schon zuvor fallengelassen worden. Sowohl die spanische Milit\u00e4rpolizei Guardia Civil, als auch die Staatsanwaltschaft hatten [&hellip;]<\/p>","protected":false},"author":1,"featured_media":0,"comment_status":"open","ping_status":"open","sticky":false,"template":"","format":"standard","meta":{"_crdt_document":"","ngg_post_thumbnail":0,"_jetpack_memberships_contains_paid_content":false,"footnotes":""},"categories":[1],"tags":[],"class_list":["post-61402","post","type-post","status-publish","format-standard","hentry","category-allgemein","entity-guardia-civil","entity-mossos-desquadra","issue-good-news","issue-1o2017","location-catalunya","language-deutsch","person-ada-colau","person-quim-torra","topic-polizei","topic-recht","topic-selbstbestimmung"],"jetpack_featured_media_url":"","jetpack_sharing_enabled":true,"_links":{"self":[{"href":"https:\/\/www.brennerbasisdemokratie.eu\/index.php?rest_route=\/wp\/v2\/posts\/61402","targetHints":{"allow":["GET"]}}],"collection":[{"href":"https:\/\/www.brennerbasisdemokratie.eu\/index.php?rest_route=\/wp\/v2\/posts"}],"about":[{"href":"https:\/\/www.brennerbasisdemokratie.eu\/index.php?rest_route=\/wp\/v2\/types\/post"}],"author":[{"embeddable":true,"href":"https:\/\/www.brennerbasisdemokratie.eu\/index.php?rest_route=\/wp\/v2\/users\/1"}],"replies":[{"embeddable":true,"href":"https:\/\/www.brennerbasisdemokratie.eu\/index.php?rest_route=%2Fwp%2Fv2%2Fcomments&post=61402"}],"version-history":[{"count":6,"href":"https:\/\/www.brennerbasisdemokratie.eu\/index.php?rest_route=\/wp\/v2\/posts\/61402\/revisions"}],"predecessor-version":[{"id":75923,"href":"https:\/\/www.brennerbasisdemokratie.eu\/index.php?rest_route=\/wp\/v2\/posts\/61402\/revisions\/75923"}],"wp:attachment":[{"href":"https:\/\/www.brennerbasisdemokratie.eu\/index.php?rest_route=%2Fwp%2Fv2%2Fmedia&parent=61402"}],"wp:term":[{"taxonomy":"category","embeddable":true,"href":"https:\/\/www.brennerbasisdemokratie.eu\/index.php?rest_route=%2Fwp%2Fv2%2Fcategories&post=61402"},{"taxonomy":"post_tag","embeddable":true,"href":"https:\/\/www.brennerbasisdemokratie.eu\/index.php?rest_route=%2Fwp%2Fv2%2Ftags&post=61402"}],"curies":[{"name":"wp","href":"https:\/\/api.w.org\/{rel}","templated":true}]}}