{"id":61949,"date":"2020-11-17T19:29:00","date_gmt":"2020-11-17T18:29:00","guid":{"rendered":"https:\/\/www.brennerbasisdemokratie.eu\/?p=61949"},"modified":"2022-12-16T13:44:05","modified_gmt":"2022-12-16T12:44:05","slug":"massentest-chaotisches-anmeldeformular","status":"publish","type":"post","link":"https:\/\/www.brennerbasisdemokratie.eu\/?p=61949","title":{"rendered":"Massentest: Chaotisches Anmeldeformular."},"content":{"rendered":"<p>Das Land hat nun ein Anmeldeformular zur Teilnahme am bevorstehenden <em>Corona<\/em>-Massentest ver\u00f6ffentlicht:<\/p>\n<blockquote><p><img loading=\"lazy\" decoding=\"async\" class=\"aligncenter size-full wp-image-61950\" src=\"https:\/\/www.brennerbasisdemokratie.eu\/wp-content\/uploads\/2020\/11\/massentest-anmeldung.png\" alt=\"\" width=\"1200\" height=\"1777\" srcset=\"https:\/\/www.brennerbasisdemokratie.eu\/wp-content\/uploads\/2020\/11\/massentest-anmeldung.png 1200w, https:\/\/www.brennerbasisdemokratie.eu\/wp-content\/uploads\/2020\/11\/massentest-anmeldung-768x1137.png 768w, https:\/\/www.brennerbasisdemokratie.eu\/wp-content\/uploads\/2020\/11\/massentest-anmeldung-1037x1536.png 1037w, https:\/\/www.brennerbasisdemokratie.eu\/wp-content\/uploads\/2020\/11\/massentest-anmeldung-810x1200.png 810w\" sizes=\"auto, (max-width: 1200px) 100vw, 1200px\" \/><\/p><\/blockquote>\n<p>Ich frage mich: M\u00fcssen Beamte in S\u00fcdtirol alle den Kurs <em>\u00bbWie gestalte ich auch einfache Formulare so, dass sie garantiert niemand versteht\u00ab<\/em> besucht haben?<\/p>\n<p>Denn wie bitte ist insbesondere der Abschnitt <em>\u00bbin der Eigenschaft als\u00ab<\/em> zu verstehen?<\/p>\n<p>Im ersten Teil geht es um die zu testende Person, so weit ist es klar. Im zweiten Teil wird dann gefragt, ob die Person in ihrer Eigenschaft als <em>Betroffene, Elternteil\/Sorgeberechtigte<\/em> oder <em>Bevollm\u00e4chtigte<\/em> getestet wird? Was hat das f\u00fcr einen Sinn?<\/p>\n<p>Und wessen Name &#8211; Geburtsdatum &#8211; Geburtsort soll bei <em>Elternteil\/Sorgeberechtigte<\/em> bzw. <em>Bevollm\u00e4chtigte<\/em> eingetragen werden? Die des Elternteils\/Sorgeberechtigten bzw. Bevollm\u00e4chtigten oder die der Person, f\u00fcr die man sorgeberechtigt\/bevollm\u00e4chtigt ist?<\/p>\n<p>Letzteres hat keinen Sinn, weil das ja die bereits abgefragte zu testende Person w\u00e4re. Ersteres aber auch nicht, denn die zu testende Person wird doch stets in ihrer Eigenschaft als Betroffene getestet \u2014 und nicht in ihrer Eigenschaft als irgendwas anderes.<\/p>\n<p>Dass Vor- und Nachname ferner im ersten Abschnitt <em>(zu testende Person)<\/em> in anderer Reihenfolge abgefragt werden als im zweiten Abschnitt <em>(in der Eigenschaft als)<\/em> soll die \u00dcbersichtlichkeit wohl genauso f\u00f6rdern wie die Tatsache, dass von der zu testenden Person nicht der Geburtsort (aber die Steuernummer) abgefragt wird, vom Elternteil aber schon (daf\u00fcr keine Steuernummer). Email und Mobilnummer werden schlie\u00dflich nur von der zu testenden Person verlangt, obwohl die Benachrichtigung im Fall von Kindern oder Unm\u00fcndigen vermutlich an die Eltern\/Sorgeberechtigte bzw. Bevollm\u00e4chtigte gehen sollte.<\/p>\n<p>Aber lassen wir das. Ich hoffe, dass die logistisch wesentlich komplexere <em>Durchf\u00fchrung<\/em> der Tests besser organisiert wird, als dieses Formular erahnen l\u00e4sst. Worauf sich diese meine Hoffnung st\u00fctzt, wei\u00df ich jedoch gerade selbst nicht so genau.<\/p>\n<p><small><em>Hinweis: Beziehen Sie Ihr Anmeldeformular bitte von einer amtlichen Quelle.<\/em><\/small><\/p>\n<p><strong><span style=\"font-family: Helvetica, Arial, sans-serif; text-transform: uppercase;\">C\u00ebla enghe:<\/span><\/strong> <a title=\"Weder Schnelligkeit noch Perfektion.\" href=\"https:\/\/www.brennerbasisdemokratie.eu\/?p=61580\"><code>01<\/code><\/a> <a title=\"Angemessene Performance?\" href=\"https:\/\/www.brennerbasisdemokratie.eu\/?p=61833\"><code>02<\/code><\/a> <a title=\"Covid: Rot-gelbes Ampelchaos.\" href=\"https:\/\/www.brennerbasisdemokratie.eu\/?p=61653\"><code>03<\/code><\/a> <a title=\"Seniorenheime: Abl\u00e4ufe werden \u00bberarbeitet\u00ab.\" href=\"https:\/\/www.brennerbasisdemokratie.eu\/?p=61489\"><code>04<\/code><\/a> <a title=\"Corona: Diffuses Deutsch.\" href=\"https:\/\/www.brennerbasisdemokratie.eu\/?p=60752\"><code>05<\/code><\/a> <a title=\"Ausufernde Virokratie.\" href=\"https:\/\/www.brennerbasisdemokratie.eu\/?p=55865\"><code>06<\/code><\/a> <span style=\"font-family: Helvetica, Arial, sans-serif; font-weight: normal;\">||<\/span> <a title=\"S\u00fcdtirol l\u00e4sst sich testen.\" href=\"https:\/\/www.brennerbasisdemokratie.eu\/?p=61986\"><span style=\"color: #ff8c00\"><code>01<\/code><\/span><\/a> <a title=\"Verpfuschte Testvormerkung.\" href=\"https:\/\/www.brennerbasisdemokratie.eu\/?p=65359\"><span style=\"color: #ff8c00\"><code>02<\/code><\/span><\/a> <a title=\"S\u00fcdtirol testet \u2014 aber womit?\" href=\"https:\/\/www.brennerbasisdemokratie.eu\/?p=65481\"><span style=\"color: #ff8c00\"><code>03<\/code><\/span><\/a><\/p>","protected":false},"excerpt":{"rendered":"<p>Das Land hat nun ein Anmeldeformular zur Teilnahme am bevorstehenden Corona-Massentest ver\u00f6ffentlicht: Ich frage mich: M\u00fcssen Beamte in S\u00fcdtirol alle den Kurs \u00bbWie gestalte ich auch einfache Formulare so, dass sie garantiert niemand versteht\u00ab besucht haben? Denn wie bitte ist insbesondere der Abschnitt \u00bbin der Eigenschaft als\u00ab zu verstehen? Im ersten Teil geht es um [&hellip;]<\/p>","protected":false},"author":1,"featured_media":0,"comment_status":"open","ping_status":"open","sticky":false,"template":"","format":"standard","meta":{"_crdt_document":"","ngg_post_thumbnail":0,"_jetpack_memberships_contains_paid_content":false,"footnotes":""},"categories":[1],"tags":[],"class_list":["post-61949","post","type-post","status-publish","format-standard","hentry","category-allgemein","entity-land-sudtirol","entity-sabes","issue-coronapandemie","location-sudtirolo","language-deutsch","topic-buerokratismus","topic-gesundheit","topic-servicepublic","topic-sprachpfusch"],"jetpack_featured_media_url":"","jetpack_sharing_enabled":true,"_links":{"self":[{"href":"https:\/\/www.brennerbasisdemokratie.eu\/index.php?rest_route=\/wp\/v2\/posts\/61949","targetHints":{"allow":["GET"]}}],"collection":[{"href":"https:\/\/www.brennerbasisdemokratie.eu\/index.php?rest_route=\/wp\/v2\/posts"}],"about":[{"href":"https:\/\/www.brennerbasisdemokratie.eu\/index.php?rest_route=\/wp\/v2\/types\/post"}],"author":[{"embeddable":true,"href":"https:\/\/www.brennerbasisdemokratie.eu\/index.php?rest_route=\/wp\/v2\/users\/1"}],"replies":[{"embeddable":true,"href":"https:\/\/www.brennerbasisdemokratie.eu\/index.php?rest_route=%2Fwp%2Fv2%2Fcomments&post=61949"}],"version-history":[{"count":14,"href":"https:\/\/www.brennerbasisdemokratie.eu\/index.php?rest_route=\/wp\/v2\/posts\/61949\/revisions"}],"predecessor-version":[{"id":75332,"href":"https:\/\/www.brennerbasisdemokratie.eu\/index.php?rest_route=\/wp\/v2\/posts\/61949\/revisions\/75332"}],"wp:attachment":[{"href":"https:\/\/www.brennerbasisdemokratie.eu\/index.php?rest_route=%2Fwp%2Fv2%2Fmedia&parent=61949"}],"wp:term":[{"taxonomy":"category","embeddable":true,"href":"https:\/\/www.brennerbasisdemokratie.eu\/index.php?rest_route=%2Fwp%2Fv2%2Fcategories&post=61949"},{"taxonomy":"post_tag","embeddable":true,"href":"https:\/\/www.brennerbasisdemokratie.eu\/index.php?rest_route=%2Fwp%2Fv2%2Ftags&post=61949"}],"curies":[{"name":"wp","href":"https:\/\/api.w.org\/{rel}","templated":true}]}}