{"id":62014,"date":"2020-11-22T20:38:15","date_gmt":"2020-11-22T19:38:15","guid":{"rendered":"https:\/\/www.brennerbasisdemokratie.eu\/?p=62014"},"modified":"2021-08-11T13:42:57","modified_gmt":"2021-08-11T11:42:57","slug":"logischer-reinfall","status":"publish","type":"post","link":"https:\/\/www.brennerbasisdemokratie.eu\/?p=62014","title":{"rendered":"Logischer Reinfall."},"content":{"rendered":"<p>An dem dreit\u00e4gigen Massenscreening (sowie an den Antigen-Schnelltestungen am 18. und 19. November) haben 343.227 Menschen (davon 332.410 in S\u00fcdtirol ans\u00e4ssige Personen) teilgenommen. Das sind rund 62 Prozent der ans\u00e4ssigen Bev\u00f6lkerung und 64 Prozent, wenn man alle durchgef\u00fchrten Tests auf die Einwohnerzahl S\u00fcdtirols bezieht. Die Schnelltests, die in den kommenden drei Tagen durchgef\u00fchrt werden, sollen zu dieser Quote noch dazugerechnet werden. 350.000 Testungen hatte sich der Sanit\u00e4tsbetrieb zum Ziel gesetzt. Mit ihrer regen Teilnahme hat die S\u00fcdtiroler Bev\u00f6lkerung ein sch\u00f6nes Zeichen der Reife, Mitverantwortung und Solidarit\u00e4t gesetzt.<\/p>\n<p>Unerwarteterweise lag der Anteil der positiv Getesteten nur bei 0,93 Prozent (3185 Personen). Bei den in S\u00fcdtirol ans\u00e4ssigen Personen waren es 0,91 Prozent (3035 Personen). Sanit\u00e4tsdirektor Florian Zerzer hatte n\u00e4mlich im Vorfeld der Aktion sogar bis zu zehn Prozent Positive prognostiziert und von 35.000 Personen gesprochen.<\/p>\n<p>Die Verantwortlichen sind mit ihren Einsch\u00e4tzungen tats\u00e4chlich weit daneben gelegen. Dieser Umstand veranlasste UnserTirol24 zur h\u00e4mischen Schlagzeile <a title=\"\" href=\"https:\/\/www.unsertirol24.com\/2020\/11\/22\/zerzers-reinfall\/\">&#8220;Zerzers Reinfall&#8221;<\/a> und angesichts der niedrigen Positivit\u00e4tsrate fordern unz\u00e4hlige Kommentatoren in den Online-Foren und sozialen Netzwerken die sofortige Aufhebung s\u00e4mtlicher Einschr\u00e4nkungen (Gesch\u00e4fte auf, Masken ab usw.). Sie feiern das Testergebnis und sprechen davon, dass das der Beweis daf\u00fcr sei, dass die Politik nur Panikmache betreibe.<\/p>\n<p><strong>Also entweder hab ich jetzt einen kompletten Aussetzer und bin einem kolossalen Denkfehler aufgesessen oder aber all jene, die meinen, dass die niedrige Rate ein Grund zum Aufatmen sei, liegen mit ihrer Einsch\u00e4tzung v\u00f6llig daneben.<\/strong><\/p>\n<p>Wir k\u00f6nnen zun\u00e4chst davon ausgehen, dass das Ergebnis aufgrund der enorm gro\u00dfen Stichprobe einigerma\u00dfen repr\u00e4sentativ ist. Verf\u00e4lschungen k\u00f6nnen sich aber durch das Ph\u00e4nomen der Falsch-Positiven und Falsch-Negativen ergeben. Das Ausma\u00df dessen zu berechnen, \u00fcberlasse ich den Statistikfreaks.<\/p>\n<p><a title=\"\" href=\"https:\/\/twitter.com\/antisophista\/status\/1330612350836158466\"><code>01<\/code><\/a> David Gruber errechnet auf Basis von Sensitivit\u00e4t (96,52 %) und Spezifit\u00e4t (99,68 %) der verwendeten Testkits rund tausend Falsch-Positive und weniger als 100 Falsch-Negative.<br \/>\n<a title=\"\" href=\"https:\/\/www.salto.bz\/de\/article\/19112020\/falk-szenarien-massentests\"><code>02<\/code><\/a> Markus Falk hingegen wird auf Salto zitiert, dass er von bis zu 30 Prozent Falsch-Negativen ausgehe, da der Antigen-Schnelltest im Gegensatz zum PCR-Test erst bei einer h\u00f6heren Virenlast anspricht und Personen, die sich erst kurz vor dem Test infiziert haben somit durch den Rost fielen.<\/p>\n<p>Weiters k\u00f6nnte es sein, dass jene Gruppe von Menschen, die den Hygienema\u00dfnahmen skeptisch gegen\u00fcbersteht und sich nicht daran h\u00e4lt, und somit ein h\u00f6heres Infektionsrisiko hat, ziemlich deckungsgleich mit jener ist, die den Test verweigert. Wenn diese Annahme stimmt, w\u00fcrde das die Positivit\u00e4tsrate etwas erh\u00f6hen.<\/p>\n<p>Die hohe Zahl negativer Befunde mag f\u00fcr den jeweils Einzelnen eine gute Nachricht sein, aber was die R\u00fcckschl\u00fcsse auf die einschr\u00e4nkenden Ma\u00dfnahmen und die Natur der Krankheit betrifft, ist die niedrige Positivit\u00e4tsrate doch eine verdammt schlechte Nachricht.<\/p>\n<ul>\n<li>Es bedeutet n\u00e4mlich, dass die Infektion wohl viel gef\u00e4hrlicher ist, als angenommen, weil es das gro\u00dfe Heer der Asymptomatischen offenbar gar nicht gibt. Die Zahl der symptomatischen F\u00e4lle <em>(Ich gehe davon aus, dass ein Gro\u00dfteil der derzeit durch PCR-Tests best\u00e4tigten 11.624 aktiven F\u00e4lle symptomatisch ist.)<\/em> \u00fcbersteigt jene der asymptomatischen <em>(Wiederum mit der Annahme, dass der Gro\u00dfteil der bei den Massentests infizierten F\u00e4lle asymptomatisch ist, da ja nur solche Menschen an den Tests teilnehmen sollten. Hochgerechnet auf alle Ans\u00e4ssigen w\u00e4ren das 4.900.)<\/em> derzeit um ein Vielfaches. Wobei wiederum die 11.624 aktiven \u00fcber einen l\u00e4ngeren Zeitraum &#8220;gesammelt&#8221; wurden, was die Rechnung wieder etwas relativiert. Der Trugschluss &#8220;wenige (asymptomatische) F\u00e4lle = gutes Zeichen&#8221; war bereits bei vorhergehenden gro\u00dfangelegten Testungen (z. B. Gr\u00f6dner Studie zu Antik\u00f6rpern) medial allgegenw\u00e4rtig. Meist hie\u00df es bez\u00fcglich der Infektionen\/Antik\u00f6rper in den Schlagzeilen: &#8220;Dunkelziffer niedriger als bef\u00fcrchtet&#8221;. Dabei w\u00e4re doch eine hohe Dunkelziffer (also Menschen, an denen die Infektion spurlos vor\u00fcbergeht\/vor\u00fcbergegangen ist und die man nur durch Massenscreenings findet) ein gutes Zeichen.<\/li>\n<li>Es bedeutet auch, dass bereits eine niedrige einstellige Zahl an Infizierten das S\u00fcdtiroler Gesundheitssystem &#8211; wie gegenw\u00e4rtig der Fall &#8211; an seine Belastungsgrenze bringt. Das ist erschreckend. Falls wir eine Situation wie die jetzige h\u00e4tten, weil 10 bis 20 Prozent aller S\u00fcdtirolerinnen und S\u00fcdtiroler infiziert sind, w\u00e4re das ein Hinweis darauf, dass es eine hohe Durchseuchung br\u00e4uchte, um dem System seine Grenzen aufzuzeigen und dass ein Gro\u00dfteil der Menschen die Infektion unbeschadet und unbemerkt \u00fcbersteht. Dem ist aber offensichtlich nicht so.<\/li>\n<li>Gleichzeitig wird es jetzt wahrscheinlich auch so sein, dass viele dem obigen Trugschluss zum Opfer fallen und die Ma\u00dfnahmen nicht mehr mittragen wollen bzw. sie nicht mehr einhalten, was zu einer neuerlichen Versch\u00e4rfung der Situation in den Krankenh\u00e4usern f\u00fchren k\u00f6nnte. (Aber genau um das zu verhindern, veranstalten wir ja diesen Zirkus).<\/li>\n<li>Zudem k\u00f6nnten sich die Menschen zu sehr in Sicherheit wiegen. Zwar werden durch die Tests tausende positiv Getestete in h\u00e4usliche Isolation geschickt, aber dennoch kursieren weiterhin etliche tausend Infizierte &#8211; darunter auch Falsch-Negative &#8211; unbemerkt.<\/li>\n<\/ul>\n<p>Der einzig positive Aspekt der Geschichte ist, dass wir die Infektionsketten mit relativ wenigen Menschen in Quarant\u00e4ne\/Isolation durchbrechen und somit &#8211; falls die Zahlen in absehbarer Zeit sinken &#8211; eine vorsichtige \u00d6ffnung in vielen Bereichen wagen k\u00f6nnten. Das frustrierende daran ist wiederum, dass die grundlegende <a title=\"Angemessene Performance?\" href=\"https:\/\/www.brennerbasisdemokratie.eu\/?p=61833\">Organisation sowie Kommunikation<\/a> und in Folge das <a title=\"Weder Schnelligkeit noch Perfektion.\" href=\"https:\/\/www.brennerbasisdemokratie.eu\/?p=61580\">Contact-Tracing in S\u00fcdtirol<\/a> \u00fcberhaupt nicht funktionieren und wir somit die notwendige, nahezu l\u00fcckenlose Identifikation und Nachverfolgung positiver F\u00e4lle &#8211; wenn nicht schleunigst nachgebessert wird &#8211; komplett vergessen k\u00f6nnen.<\/p>\n<p><strong><span style=\"font-family: Helvetica, Arial, sans-serif; text-transform: uppercase;\">C\u00ebla enghe:<\/span><\/strong>\u00a0<a title=\"S\u00fcdtirol l\u00e4sst sich testen.\" href=\"https:\/\/www.brennerbasisdemokratie.eu\/?p=61986\"><code>01<\/code><\/a>\u00a0<a title=\"Weder Schnelligkeit noch Perfektion.\" href=\"https:\/\/www.brennerbasisdemokratie.eu\/?p=61580\"><code>02<\/code><\/a>\u00a0<a title=\"Angemessene Performance?\" href=\"https:\/\/www.brennerbasisdemokratie.eu\/?p=61833\"><code>03<\/code><\/a>\u00a0<a title=\"Massentest: Chaotisches Anmeldeformular.\" href=\"https:\/\/www.brennerbasisdemokratie.eu\/?p=61949\"><code>04<\/code><\/a>\u00a0<a title=\"Medien, Zahlenk\u00fcnstler und Fehlerkultur.\" href=\"https:\/\/www.brennerbasisdemokratie.eu\/?p=61778\"><code>05<\/code><\/a>\u00a0<a title=\"Corona: Nord-\/Osttirol testet mehr.\" href=\"https:\/\/www.brennerbasisdemokratie.eu\/?p=56225\"><code>06<\/code><\/a><\/p>","protected":false},"excerpt":{"rendered":"<p>An dem dreit\u00e4gigen Massenscreening (sowie an den Antigen-Schnelltestungen am 18. und 19. November) haben 343.227 Menschen (davon 332.410 in S\u00fcdtirol ans\u00e4ssige Personen) teilgenommen. Das sind rund 62 Prozent der ans\u00e4ssigen Bev\u00f6lkerung und 64 Prozent, wenn man alle durchgef\u00fchrten Tests auf die Einwohnerzahl S\u00fcdtirols bezieht. Die Schnelltests, die in den kommenden drei Tagen durchgef\u00fchrt werden, sollen [&hellip;]<\/p>","protected":false},"author":8,"featured_media":0,"comment_status":"open","ping_status":"open","sticky":false,"template":"","format":"standard","meta":{"_crdt_document":"","ngg_post_thumbnail":0,"_jetpack_memberships_contains_paid_content":false,"footnotes":""},"categories":[1],"tags":[],"class_list":["post-62014","post","type-post","status-publish","format-standard","hentry","category-allgemein","entity-land-sudtirol","entity-sabes","issue-coronapandemie","issue-covid-stats","location-sudtirolo","language-deutsch","medium-salto","medium-socialmedia","medium-ut24","person-florian-zerzer","topic-feuilleton","topic-gesundheit","topic-medien","topic-servicepublic","topic-solidariete"],"jetpack_featured_media_url":"","jetpack_sharing_enabled":true,"_links":{"self":[{"href":"https:\/\/www.brennerbasisdemokratie.eu\/index.php?rest_route=\/wp\/v2\/posts\/62014","targetHints":{"allow":["GET"]}}],"collection":[{"href":"https:\/\/www.brennerbasisdemokratie.eu\/index.php?rest_route=\/wp\/v2\/posts"}],"about":[{"href":"https:\/\/www.brennerbasisdemokratie.eu\/index.php?rest_route=\/wp\/v2\/types\/post"}],"author":[{"embeddable":true,"href":"https:\/\/www.brennerbasisdemokratie.eu\/index.php?rest_route=\/wp\/v2\/users\/8"}],"replies":[{"embeddable":true,"href":"https:\/\/www.brennerbasisdemokratie.eu\/index.php?rest_route=%2Fwp%2Fv2%2Fcomments&post=62014"}],"version-history":[{"count":57,"href":"https:\/\/www.brennerbasisdemokratie.eu\/index.php?rest_route=\/wp\/v2\/posts\/62014\/revisions"}],"predecessor-version":[{"id":67357,"href":"https:\/\/www.brennerbasisdemokratie.eu\/index.php?rest_route=\/wp\/v2\/posts\/62014\/revisions\/67357"}],"wp:attachment":[{"href":"https:\/\/www.brennerbasisdemokratie.eu\/index.php?rest_route=%2Fwp%2Fv2%2Fmedia&parent=62014"}],"wp:term":[{"taxonomy":"category","embeddable":true,"href":"https:\/\/www.brennerbasisdemokratie.eu\/index.php?rest_route=%2Fwp%2Fv2%2Fcategories&post=62014"},{"taxonomy":"post_tag","embeddable":true,"href":"https:\/\/www.brennerbasisdemokratie.eu\/index.php?rest_route=%2Fwp%2Fv2%2Ftags&post=62014"}],"curies":[{"name":"wp","href":"https:\/\/api.w.org\/{rel}","templated":true}]}}