{"id":62177,"date":"2020-11-27T21:34:55","date_gmt":"2020-11-27T20:34:55","guid":{"rendered":"https:\/\/www.brennerbasisdemokratie.eu\/?p=62177"},"modified":"2020-11-27T21:58:19","modified_gmt":"2020-11-27T20:58:19","slug":"die-cup-will-ein-referendum-vor-2025","status":"publish","type":"post","link":"https:\/\/www.brennerbasisdemokratie.eu\/?p=62177","title":{"rendered":"Die CUP will ein Referendum vor 2025."},"content":{"rendered":"<p>Mit Blick auf die Neuwahlen, die nach der <a title=\"Katalanischer Pr\u00e4sident abgesetzt.\" href=\"https:\/\/www.brennerbasisdemokratie.eu\/?p=61123\">Absetzung<\/a> des katalanischen Pr\u00e4sidenten Quim Torra (<abbr title=\"Junts per Catalunya\">JxC<\/abbr>) am 14. Februar stattfinden werden, hat die linksradikale <abbr title=\"Candidatura d\u2019Unitat Popular\">CUP<\/abbr> ihre politischen Leitlinien neu justiert. In einem heute verabschiedeten Positionspapier sprechen sich die Antikapitalistinnen f\u00fcr Selbstbestimmung und Amnestie aus und kritisieren die Politik von <abbr title=\"Esquerra Republicana de Catalunya\">ERC<\/abbr> und JxC als wirr und uneffektiv.<\/p>\n<p>Es gelte, den Geist vom 1. Oktober 2017 wiederzugewinnen und vor 2025 ein weiteres Unabh\u00e4ngigkeitsreferendum abzuhalten. Gegen\u00fcber dem spanischen Zentralstaat will die CUP einen Weg der offenen Konfrontation einschlagen, der von institutionellem Ungehorsam, au\u00dferparlamentarischen Initiativen und und Selbsterm\u00e4chtigung der Bev\u00f6lkerung gekennzeichnet sein soll. Insbesondere soll sich das katalanische Parlament systematisch \u00fcber den Autonomierahmen hinwegsetzen und ein Recht auf Wohnen, ein universelles Einkommen oder die Bek\u00e4mpfung der Energiearmut verankern. Zudem fordert die CUP die Gr\u00fcndung einer \u00f6ffentlichen Bank und die Verstaatlichung strategischer Wirtschaftsbereiche.<\/p>\n<p><strong><span style=\"font-family: Helvetica, Arial, sans-serif; text-transform: uppercase;\">C\u00ebla enghe:<\/span><\/strong> <a title=\"Autodeterminazione: reo e recidivo.\" href=\"https:\/\/www.brennerbasisdemokratie.eu\/?p=48344\"><code>01<\/code><\/a> <a title=\"La CUP chiede un referendum unilaterale.\" href=\"https:\/\/www.brennerbasisdemokratie.eu\/?p=31424\"><code>02<\/code><\/a> <a title=\"Gehorchen ja, aber wem?\" href=\"https:\/\/www.brennerbasisdemokratie.eu\/?p=20385\"><code>03<\/code><\/a><\/p>","protected":false},"excerpt":{"rendered":"<p>Mit Blick auf die Neuwahlen, die nach der Absetzung des katalanischen Pr\u00e4sidenten Quim Torra (JxC) am 14. Februar stattfinden werden, hat die linksradikale CUP ihre politischen Leitlinien neu justiert. In einem heute verabschiedeten Positionspapier sprechen sich die Antikapitalistinnen f\u00fcr Selbstbestimmung und Amnestie aus und kritisieren die Politik von ERC und JxC als wirr und uneffektiv. [&hellip;]<\/p>","protected":false},"author":1,"featured_media":0,"comment_status":"open","ping_status":"open","sticky":false,"template":"","format":"standard","meta":{"_crdt_document":"","ngg_post_thumbnail":0,"_jetpack_memberships_contains_paid_content":false,"footnotes":""},"categories":[1],"tags":[],"class_list":["post-62177","post","type-post","status-publish","format-standard","hentry","category-allgemein","entity-cup","entity-erc","entity-gencat","entity-junts","issue-1o2017","issue-wahlen","location-catalunya","location-spania","language-deutsch","person-quim-torra","topic-politik","topic-selbstbestimmung","topic-soziales","topic-ungehorsam","topic-wirtschaft"],"jetpack_featured_media_url":"","jetpack_sharing_enabled":true,"_links":{"self":[{"href":"https:\/\/www.brennerbasisdemokratie.eu\/index.php?rest_route=\/wp\/v2\/posts\/62177","targetHints":{"allow":["GET"]}}],"collection":[{"href":"https:\/\/www.brennerbasisdemokratie.eu\/index.php?rest_route=\/wp\/v2\/posts"}],"about":[{"href":"https:\/\/www.brennerbasisdemokratie.eu\/index.php?rest_route=\/wp\/v2\/types\/post"}],"author":[{"embeddable":true,"href":"https:\/\/www.brennerbasisdemokratie.eu\/index.php?rest_route=\/wp\/v2\/users\/1"}],"replies":[{"embeddable":true,"href":"https:\/\/www.brennerbasisdemokratie.eu\/index.php?rest_route=%2Fwp%2Fv2%2Fcomments&post=62177"}],"version-history":[{"count":11,"href":"https:\/\/www.brennerbasisdemokratie.eu\/index.php?rest_route=\/wp\/v2\/posts\/62177\/revisions"}],"predecessor-version":[{"id":62193,"href":"https:\/\/www.brennerbasisdemokratie.eu\/index.php?rest_route=\/wp\/v2\/posts\/62177\/revisions\/62193"}],"wp:attachment":[{"href":"https:\/\/www.brennerbasisdemokratie.eu\/index.php?rest_route=%2Fwp%2Fv2%2Fmedia&parent=62177"}],"wp:term":[{"taxonomy":"category","embeddable":true,"href":"https:\/\/www.brennerbasisdemokratie.eu\/index.php?rest_route=%2Fwp%2Fv2%2Fcategories&post=62177"},{"taxonomy":"post_tag","embeddable":true,"href":"https:\/\/www.brennerbasisdemokratie.eu\/index.php?rest_route=%2Fwp%2Fv2%2Ftags&post=62177"}],"curies":[{"name":"wp","href":"https:\/\/api.w.org\/{rel}","templated":true}]}}