{"id":62554,"date":"2020-12-20T20:13:19","date_gmt":"2020-12-20T19:13:19","guid":{"rendered":"https:\/\/www.brennerbasisdemokratie.eu\/?p=62554"},"modified":"2024-09-14T22:26:52","modified_gmt":"2024-09-14T20:26:52","slug":"amt-fur-landessprachen-im-einvernehmenskomitee","status":"publish","type":"post","link":"https:\/\/www.brennerbasisdemokratie.eu\/?p=62554","title":{"rendered":"Amt f\u00fcr Landessprachen im Einvernehmenskomitee."},"content":{"rendered":"<p>Die <a title=\"Amt f\u00fcr Landessprachen und B\u00fcrgerrechte.\" href=\"https:\/\/www.brennerbasisdemokratie.eu\/?p=59982\">Gr\u00fcndung<\/a> des <em>Amts f\u00fcr Landessprachen und B\u00fcrgerrechte<\/em> (AfLB) tr\u00e4gt schon erste Fr\u00fcchte. Mit einem Repr\u00e4sentanten dieses Amtes war nun n\u00e4mlich erstmals auch auf Landesseite ein Beamter bei einer Zusammenkunft des sogenannten Einvernehmenskomitees anwesend.<\/p>\n<p>Dieses Komitee, das wohl nur wenigen S\u00fcdtirolerinnen bekannt sein d\u00fcrfte, ist ein Bindeglied zwischen dem Regierungskommissariat (in Vertretung der italienischen Regierung) und dem Landtag (in Vertretung des Landes S\u00fcdtirol). Seine Zust\u00e4ndigkeiten betreffen insbesondere die Gleichstellung der italienischen, deutschen und ladinischen Sprache in der Verwaltung sowie die Umsetzung des Proporzes. Es befindet regelm\u00e4\u00dfig \u00fcber Ausnahmen bei der proporzm\u00e4\u00dfigen Besetzung \u00f6ffentlicher Stellen.<\/p>\n<p>Derzeit sind seine Mitglieder Pr\u00e4fekt Vito Cusumano und die drei Landtagsabgeordneten Helmuth Renzler (<abbr title=\"S\u00fcdtiroler Volkspartei\">SVP<\/abbr>), Andreas Leiter Reber (<abbr title=\"Freiheitliche\">F<\/abbr>) und Carlo Vettori <em>(A. Adige Autonomia).<\/em><\/p>\n<p>W\u00e4hrend jedoch bisher stets nur auf der Seite des Pr\u00e4fekten auch Beamtinnen an den Treffen beteiligt waren, gibt es nun seit Einrichtung des AfLB auch diesbez\u00fcglich ein gewisses Gleichgewicht. Dabei haben die Beamtinnen auf beiden Seiten zwar naturgem\u00e4\u00df kein Stimmrecht, doch sie erledigen das B\u00fcrokratische, nehmen eine Beobachtungsrolle ein und sorgen dann vor allem \u00fcber die Jahre f\u00fcr Kontinuit\u00e4t. W\u00e4hrend sowohl die Pr\u00e4fektinnen als auch die Landtagsabgeordneten regelm\u00e4\u00dfig wechseln, sind die Beamtinnen meist deutlich l\u00e4nger im Amt.<\/p>\n<p>Anstatt dass sich die Landtagsabgeordneten alle f\u00fcnf Jahre v\u00f6llig neu einarbeiten m\u00fcssen, kann so nun das AfLB daf\u00fcr sorgen, dass es einen reibungsloseren \u00dcbergang gibt. Bei der Wichtigkeit der Themen, die das Komitee zu behandeln hat, kann diese Rolle kaum \u00fcbersch\u00e4tzt werden.<\/p>\n<p>Und dabei ist das nur eine von zahlreichen Funktionen und Aufgaben, die das AfLB seinem Auftrag gem\u00e4\u00df erf\u00fcllen wird.<\/p>\n<p><strong><span style=\"font-family: Helvetica, Arial, sans-serif; text-transform: uppercase;\">C\u00ebla enghe:<\/span><\/strong> <a href=\"https:\/\/www.brennerbasisdemokratie.eu\/?p=85018\" title=\"AfLB \u2013 Il 100% delle denunce riguarda il tedesco.\"><span style=\"color: #ff8c00\"><code>01<\/code><\/span><\/a> <a href=\"https:\/\/www.brennerbasisdemokratie.eu\/?p=88188\" title=\"Amt f\u00fcr Landessprachen und B\u00fcrgerrechte wird gest\u00e4rkt.\"><span style=\"color: #ff8c00\"><code>02<\/code><\/span><\/a><\/p>","protected":false},"excerpt":{"rendered":"<p>Die Gr\u00fcndung des Amts f\u00fcr Landessprachen und B\u00fcrgerrechte (AfLB) tr\u00e4gt schon erste Fr\u00fcchte. Mit einem Repr\u00e4sentanten dieses Amtes war nun n\u00e4mlich erstmals auch auf Landesseite ein Beamter bei einer Zusammenkunft des sogenannten Einvernehmenskomitees anwesend. Dieses Komitee, das wohl nur wenigen S\u00fcdtirolerinnen bekannt sein d\u00fcrfte, ist ein Bindeglied zwischen dem Regierungskommissariat (in Vertretung der italienischen Regierung) [&hellip;]<\/p>","protected":false},"author":1,"featured_media":0,"comment_status":"open","ping_status":"open","sticky":false,"template":"","format":"standard","meta":{"_crdt_document":"","ngg_post_thumbnail":0,"_jetpack_memberships_contains_paid_content":false,"footnotes":""},"categories":[1],"tags":[],"class_list":["post-62554","post","type-post","status-publish","format-standard","hentry","category-allgemein","entity-aflb","entity-freiheitliche","entity-regierungskommissariat","entity-sudtiroler-landtag","entity-svp","issue-good-news","issue-proporz","location-sudtirolo","language-deutsch","person-andreas-leiter-reber","person-carlo-vettori","person-helmuth-renzler","topic-arbeit","topic-minderheitenschutz","topic-plurilinguism","topic-politik","topic-servicepublic"],"jetpack_featured_media_url":"","jetpack_sharing_enabled":true,"_links":{"self":[{"href":"https:\/\/www.brennerbasisdemokratie.eu\/index.php?rest_route=\/wp\/v2\/posts\/62554","targetHints":{"allow":["GET"]}}],"collection":[{"href":"https:\/\/www.brennerbasisdemokratie.eu\/index.php?rest_route=\/wp\/v2\/posts"}],"about":[{"href":"https:\/\/www.brennerbasisdemokratie.eu\/index.php?rest_route=\/wp\/v2\/types\/post"}],"author":[{"embeddable":true,"href":"https:\/\/www.brennerbasisdemokratie.eu\/index.php?rest_route=\/wp\/v2\/users\/1"}],"replies":[{"embeddable":true,"href":"https:\/\/www.brennerbasisdemokratie.eu\/index.php?rest_route=%2Fwp%2Fv2%2Fcomments&post=62554"}],"version-history":[{"count":5,"href":"https:\/\/www.brennerbasisdemokratie.eu\/index.php?rest_route=\/wp\/v2\/posts\/62554\/revisions"}],"predecessor-version":[{"id":88193,"href":"https:\/\/www.brennerbasisdemokratie.eu\/index.php?rest_route=\/wp\/v2\/posts\/62554\/revisions\/88193"}],"wp:attachment":[{"href":"https:\/\/www.brennerbasisdemokratie.eu\/index.php?rest_route=%2Fwp%2Fv2%2Fmedia&parent=62554"}],"wp:term":[{"taxonomy":"category","embeddable":true,"href":"https:\/\/www.brennerbasisdemokratie.eu\/index.php?rest_route=%2Fwp%2Fv2%2Fcategories&post=62554"},{"taxonomy":"post_tag","embeddable":true,"href":"https:\/\/www.brennerbasisdemokratie.eu\/index.php?rest_route=%2Fwp%2Fv2%2Ftags&post=62554"}],"curies":[{"name":"wp","href":"https:\/\/api.w.org\/{rel}","templated":true}]}}