{"id":62975,"date":"2021-01-10T18:17:07","date_gmt":"2021-01-10T17:17:07","guid":{"rendered":"https:\/\/www.brennerbasisdemokratie.eu\/?p=62975"},"modified":"2023-01-06T22:08:56","modified_gmt":"2023-01-06T21:08:56","slug":"impfung-schlusslicht-sudtirol","status":"publish","type":"post","link":"https:\/\/www.brennerbasisdemokratie.eu\/?p=62975","title":{"rendered":"Impfung: Schlusslicht S\u00fcdtirol?"},"content":{"rendered":"<p>Da ich allein zwischen gestern und heute mehrmals gelesen habe, dass S\u00fcdtirol auf Staatsebene Schlusslicht beim Impfen gegen <em>Covid-19<\/em> sei, ver\u00f6ffentliche ich auch hier den gestern bereits bei <em>Twitter<\/em> publizierten Faktencheck:<\/p>\n<blockquote><p><img loading=\"lazy\" decoding=\"async\" class=\"aligncenter size-full wp-image-62984\" src=\"https:\/\/www.brennerbasisdemokratie.eu\/wp-content\/uploads\/2021\/01\/210109_impfverabreichungen.png\" alt=\"\" width=\"1176\" height=\"1254\" srcset=\"https:\/\/www.brennerbasisdemokratie.eu\/wp-content\/uploads\/2021\/01\/210109_impfverabreichungen.png 1176w, https:\/\/www.brennerbasisdemokratie.eu\/wp-content\/uploads\/2021\/01\/210109_impfverabreichungen-768x819.png 768w, https:\/\/www.brennerbasisdemokratie.eu\/wp-content\/uploads\/2021\/01\/210109_impfverabreichungen-1125x1200.png 1125w\" sizes=\"auto, (max-width: 1176px) 100vw, 1176px\" \/><\/p><\/blockquote>\n<p>S\u00fcdtirol befindet sich (genauer gesagt: befand sich gestern) demnach nicht am Ende der \u00bbImpfwertung\u00ab, sondern irgendwo im Mittelfeld. Das macht es zwar nicht wirklich ertr\u00e4glich \u2014 ehrlich gesagt geht es auch mir (z.B. im Vergleich zum Trentino) viel zu langsam. Wir sind aber halt auch nicht die Letzten.<\/p>\n<p>Wie kommt das Missverst\u00e4ndnis zustande? Die italienische Regierung setzt die erfolgten Verabreichungen in ihren offiziellen Tabellen nicht in Relation zur Bev\u00f6lkerung, sondern ausschlie\u00dflich zur Anzahl der gelieferten Impfdosen. Da S\u00fcdtirol im Vergleich zu anderen Regionen \u2014 im Verh\u00e4ltnis zur Einwohnerzahl \u2014 (deutlich) mehr \u00bbStoff\u00ab bekommen hat, landet es in dieser staatlichen Aufstellung auf dem letzten Platz.<\/p>\n<p><strong><span style=\"font-family: Helvetica, Arial, sans-serif; text-transform: uppercase;\">C\u00ebla enghe:<\/span><\/strong> <a title=\"Absolut die Besten.\" href=\"https:\/\/www.brennerbasisdemokratie.eu\/?p=62899\"><code>01<\/code><\/a> <a title=\"Medien, Zahlenk\u00fcnstler und Fehlerkultur.\" href=\"https:\/\/www.brennerbasisdemokratie.eu\/?p=61778\"><code>02<\/code><\/a> <a title=\"S\u00fcdtiroler Gesundheitswesen an vorletzter Stelle?\" href=\"https:\/\/www.brennerbasisdemokratie.eu\/?p=53521\"><code>03<\/code><\/a>\u00a0<span style=\"font-family: Helvetica, Arial, sans-serif; font-weight: normal;\">||<\/span> <a title=\"Impfrate \u00bbzum Sch\u00e4men\u00ab \u2014 aber falsch.\" href=\"https:\/\/www.brennerbasisdemokratie.eu\/?p=63020\"><span style=\"color: #ff8c00\"><code>01<\/code><\/span><\/a> <a title=\"Vaccinazioni, Sudtirolo in testa.\" href=\"https:\/\/www.brennerbasisdemokratie.eu\/?p=63043\"><span style=\"color: #ff8c00\"><code>02<\/code><\/span><\/a> <a title=\"Wer impft wie viel?\" href=\"https:\/\/www.brennerbasisdemokratie.eu\/?p=63693\"><span style=\"color: #ff8c00\"><code>03<\/code><\/span><\/a><\/p>","protected":false},"excerpt":{"rendered":"<p>Da ich allein zwischen gestern und heute mehrmals gelesen habe, dass S\u00fcdtirol auf Staatsebene Schlusslicht beim Impfen gegen Covid-19 sei, ver\u00f6ffentliche ich auch hier den gestern bereits bei Twitter publizierten Faktencheck: S\u00fcdtirol befindet sich (genauer gesagt: befand sich gestern) demnach nicht am Ende der \u00bbImpfwertung\u00ab, sondern irgendwo im Mittelfeld. Das macht es zwar nicht wirklich [&hellip;]<\/p>","protected":false},"author":1,"featured_media":0,"comment_status":"open","ping_status":"open","sticky":false,"template":"","format":"standard","meta":{"_crdt_document":"","ngg_post_thumbnail":0,"_jetpack_memberships_contains_paid_content":false,"footnotes":""},"categories":[1],"tags":[],"class_list":["post-62975","post","type-post","status-publish","format-standard","hentry","category-allgemein","entity-sabes","issue-covid-stats","location-italy","location-sudtirolo","location-trentino","language-deutsch","topic-faktencheck","topic-gesundheit","topic-umfragen"],"jetpack_featured_media_url":"","jetpack_sharing_enabled":true,"_links":{"self":[{"href":"https:\/\/www.brennerbasisdemokratie.eu\/index.php?rest_route=\/wp\/v2\/posts\/62975","targetHints":{"allow":["GET"]}}],"collection":[{"href":"https:\/\/www.brennerbasisdemokratie.eu\/index.php?rest_route=\/wp\/v2\/posts"}],"about":[{"href":"https:\/\/www.brennerbasisdemokratie.eu\/index.php?rest_route=\/wp\/v2\/types\/post"}],"author":[{"embeddable":true,"href":"https:\/\/www.brennerbasisdemokratie.eu\/index.php?rest_route=\/wp\/v2\/users\/1"}],"replies":[{"embeddable":true,"href":"https:\/\/www.brennerbasisdemokratie.eu\/index.php?rest_route=%2Fwp%2Fv2%2Fcomments&post=62975"}],"version-history":[{"count":16,"href":"https:\/\/www.brennerbasisdemokratie.eu\/index.php?rest_route=\/wp\/v2\/posts\/62975\/revisions"}],"predecessor-version":[{"id":75983,"href":"https:\/\/www.brennerbasisdemokratie.eu\/index.php?rest_route=\/wp\/v2\/posts\/62975\/revisions\/75983"}],"wp:attachment":[{"href":"https:\/\/www.brennerbasisdemokratie.eu\/index.php?rest_route=%2Fwp%2Fv2%2Fmedia&parent=62975"}],"wp:term":[{"taxonomy":"category","embeddable":true,"href":"https:\/\/www.brennerbasisdemokratie.eu\/index.php?rest_route=%2Fwp%2Fv2%2Fcategories&post=62975"},{"taxonomy":"post_tag","embeddable":true,"href":"https:\/\/www.brennerbasisdemokratie.eu\/index.php?rest_route=%2Fwp%2Fv2%2Ftags&post=62975"}],"curies":[{"name":"wp","href":"https:\/\/api.w.org\/{rel}","templated":true}]}}