{"id":63186,"date":"2021-01-29T21:52:29","date_gmt":"2021-01-29T20:52:29","guid":{"rendered":"https:\/\/www.brennerbasisdemokratie.eu\/?p=63186"},"modified":"2024-03-29T13:03:14","modified_gmt":"2024-03-29T12:03:14","slug":"tagnacht-pandemiezentralismus","status":"publish","type":"post","link":"https:\/\/www.brennerbasisdemokratie.eu\/?p=63186","title":{"rendered":"Tag+Nacht: Pandemiezentralismus."},"content":{"rendered":"<blockquote><p>[G]enau weil wir die Autonomie sch\u00fctzen, sehen wir es sehr kritisch, ja geradezu gef\u00e4hrlich, wenn man den Rahmen des Autonomiestatutes verl\u00e4sst, wie es teilweise mit dem sogenannten \u201eS\u00fcdtiroler Sonderweg\u201c geschehen ist.<br \/>\nWenn ich mich nicht an meinen Kompetenzbereich halte, wird es mir morgen schwer fallen, eine Missachtung meiner Zust\u00e4ndigkeiten gegen\u00fcber dem Staat zu verteidigen.<\/p><\/blockquote>\n<p><em>Felix von Wohlgemuth, Co-Vorsitzender der S\u00fcdtiroler <\/em>Gr\u00fcnen <em>(gestern<\/em> <a title=\"Felix von Wohlgemuth: Facebook-Kommentar.\" href=\"https:\/\/www.facebook.com\/groups\/suedtiroler.fruehling\/permalink\/2895368857401995\/?comment_id=2895571297381751\" target=\"_blank\" rel=\"noopener\"><em>auf<\/em> Facebook<\/a>)<\/p>\n<blockquote><p>[G]li unici reali contropoteri sono gli enti territoriali. Regioni e comuni dispongono, per il proprio territorio, di poteri simili a quelli del governo per la gestione di emergenze sanitarie. Ci\u00f2 pu\u00f2 portare a qualche sovrapposizione, a confusione, talvolta all\u2019intervento poco responsabile da parte di qualche amministrazione. Ma sarebbe grave se non esistesse questo potere, a dimostrazione della portata intimamente democratica dell\u2019autonomia.<\/p><\/blockquote>\n<blockquote><p>Con la sola eccezione della Provincia di Bolzano, le Regioni non hanno finora ritenuto di approvare proprie leggi per il contrasto alla pandemia. E hanno fatto molto male.<\/p><\/blockquote>\n<blockquote><p>Anzich\u00e9 \u201cinvidiare\u201d la Provincia di Bolzano, le Regioni (anche ordinarie) potrebbero e forse dovrebbero approvare proprie leggi. Potrebbe prodursi contenzioso e potrebbero anche uscirne sconfitte, ma salverebbero gli equilibri tra i poteri. E magari potrebbero fornire al legislatore nazionale qualche soluzione migliore. O forse no, ma varrebbe comunque la pena di provarci. A meno di non trovare assai comodo protestare contro il governo senza assumersi alcuna responsabilit\u00e0.<\/p><\/blockquote>\n<p><em>da <\/em><a title=\"Francesco Palermo: La pandemia delle fonti.\" href=\"https:\/\/palermofrancesco.wordpress.com\/2020\/10\/28\/la-pandemia-delle-fonti\/\" target=\"_blank\" rel=\"noopener\">La pandemia delle fonti<\/a><em> di Francesco Palermo (professore di diritto costituzionale comparato), pubblicato sull&#8217;<\/em>A. Adige<em> il 28 ottobre 2020<\/em><\/p>\n<p><strong><span style=\"font-family: Helvetica, Arial, sans-serif; text-transform: uppercase;\">C\u00ebla enghe:<\/span><\/strong> <a title=\"Demokratische Qualit\u00e4t.\" href=\"https:\/\/www.brennerbasisdemokratie.eu\/?p=57008\"><code>01<\/code><\/a> <a title=\"Autonome oder zentralistische Fehler?\" href=\"https:\/\/www.brennerbasisdemokratie.eu\/?p=61417\"><code>02<\/code><\/a> <a title=\"Corona: Autonomie oder Sturheit?\" href=\"https:\/\/www.brennerbasisdemokratie.eu\/?p=61352\"><code>03<\/code><\/a> <span style=\"font-family: Helvetica, Arial, sans-serif; font-weight: normal;\">||<\/span> <a title=\"Der S\u00fcdtiroler Weg bei Pro und Contra.\" href=\"https:\/\/www.brennerbasisdemokratie.eu\/?p=63287\"><span style=\"color: #ff8c00\"><code>01<\/code><\/span><\/a> <a title=\"Verfassungsgericht: Die Pandemie ist staatlich.\" href=\"https:\/\/www.brennerbasisdemokratie.eu\/?p=63787\"><span style=\"color: #ff8c00\"><code>02<\/code><\/span><\/a> <a title=\"Covid: Attenti al paternalismo centralista.\" href=\"https:\/\/www.brennerbasisdemokratie.eu\/?p=64490\"><span style=\"color: #ff8c00\"><code>03<\/code><\/span><\/a> <a title=\"Zentralistisches Urteil zum Pandemiegesetz.\" href=\"https:\/\/www.brennerbasisdemokratie.eu\/?p=84681\"><span style=\"color: #ff8c00\"><code>04<\/code><\/span><\/a><\/p>","protected":false},"excerpt":{"rendered":"<p>[G]enau weil wir die Autonomie sch\u00fctzen, sehen wir es sehr kritisch, ja geradezu gef\u00e4hrlich, wenn man den Rahmen des Autonomiestatutes verl\u00e4sst, wie es teilweise mit dem sogenannten \u201eS\u00fcdtiroler Sonderweg\u201c geschehen ist. Wenn ich mich nicht an meinen Kompetenzbereich halte, wird es mir morgen schwer fallen, eine Missachtung meiner Zust\u00e4ndigkeiten gegen\u00fcber dem Staat zu verteidigen. Felix [&hellip;]<\/p>","protected":false},"author":1,"featured_media":0,"comment_status":"open","ping_status":"open","sticky":false,"template":"","format":"standard","meta":{"_crdt_document":"","ngg_post_thumbnail":0,"_jetpack_memberships_contains_paid_content":false,"footnotes":""},"categories":[1],"tags":[],"class_list":["post-63186","post","type-post","status-publish","format-standard","hentry","category-allgemein","entity-land-sudtirol","entity-pd","entity-svp","entity-verc","issue-coronapandemie","issue-zitac","location-italy","location-sudtirolo","language-deutsch","language-italiano","medium-aa","medium-socialmedia","person-felix-von-wohlgemuth","person-francesco-palermo","topic-foederalismus","topic-gesundheit","topic-politik","topic-subsidiaritaet","topic-tagnacht","topic-vorzeigeautonomie","topic-zentralismus"],"jetpack_featured_media_url":"","jetpack_sharing_enabled":true,"_links":{"self":[{"href":"https:\/\/www.brennerbasisdemokratie.eu\/index.php?rest_route=\/wp\/v2\/posts\/63186","targetHints":{"allow":["GET"]}}],"collection":[{"href":"https:\/\/www.brennerbasisdemokratie.eu\/index.php?rest_route=\/wp\/v2\/posts"}],"about":[{"href":"https:\/\/www.brennerbasisdemokratie.eu\/index.php?rest_route=\/wp\/v2\/types\/post"}],"author":[{"embeddable":true,"href":"https:\/\/www.brennerbasisdemokratie.eu\/index.php?rest_route=\/wp\/v2\/users\/1"}],"replies":[{"embeddable":true,"href":"https:\/\/www.brennerbasisdemokratie.eu\/index.php?rest_route=%2Fwp%2Fv2%2Fcomments&post=63186"}],"version-history":[{"count":9,"href":"https:\/\/www.brennerbasisdemokratie.eu\/index.php?rest_route=\/wp\/v2\/posts\/63186\/revisions"}],"predecessor-version":[{"id":84688,"href":"https:\/\/www.brennerbasisdemokratie.eu\/index.php?rest_route=\/wp\/v2\/posts\/63186\/revisions\/84688"}],"wp:attachment":[{"href":"https:\/\/www.brennerbasisdemokratie.eu\/index.php?rest_route=%2Fwp%2Fv2%2Fmedia&parent=63186"}],"wp:term":[{"taxonomy":"category","embeddable":true,"href":"https:\/\/www.brennerbasisdemokratie.eu\/index.php?rest_route=%2Fwp%2Fv2%2Fcategories&post=63186"},{"taxonomy":"post_tag","embeddable":true,"href":"https:\/\/www.brennerbasisdemokratie.eu\/index.php?rest_route=%2Fwp%2Fv2%2Ftags&post=63186"}],"curies":[{"name":"wp","href":"https:\/\/api.w.org\/{rel}","templated":true}]}}