{"id":63270,"date":"2021-02-02T12:35:28","date_gmt":"2021-02-02T11:35:28","guid":{"rendered":"https:\/\/www.brennerbasisdemokratie.eu\/?p=63270"},"modified":"2023-01-06T22:07:43","modified_gmt":"2023-01-06T21:07:43","slug":"die-test-nichtwahrheit","status":"publish","type":"post","link":"https:\/\/www.brennerbasisdemokratie.eu\/?p=63270","title":{"rendered":"Die Test-Nichtwahrheit."},"content":{"rendered":"<p>Das heutige Titelthema der <em>Tageszeitung<\/em> (TAZ) lautet <em>Die Zahlenjongleure<\/em> und soll zur Aufkl\u00e4rung \u00fcber die Infektionszahlen in S\u00fcdtirol beitragen. Auf Seite zwei hei\u00dft es dann unter dem Titel <em>Die Test-Wahrheit:<\/em><\/p>\n<blockquote><p>In <strong>Europa<\/strong> testen nur <strong>wenigen<\/strong> [sic] <strong>Regionen so massiv wie S\u00fcdtirol.<\/strong> Aber S\u00fcdtirol ist nicht dunkelrot, weil es viel testet, sondern weil das Infektionsgeschehen massiv ist.<\/p><\/blockquote>\n<p>Einen Nachweis bleibt Autor Matthias Kofler jedoch schuldig. Er zeigt lediglich auf: andere europ\u00e4ische Regionen, die ebenfalls viel testen, sind nicht notwendigerweise dunkelrot, sondern teilweise \u00bbnur\u00ab rot, eine einzige sogar orange.<\/p>\n<p>No na. Dass viele Tests nicht <em>automatisch<\/em> eine Einstufung als dunkelrote Zone bedeuten, d\u00fcrfte allen, die ein Grundverst\u00e4ndnis von Logik haben, klar sein.<\/p>\n<p>Allerdings <em>kann<\/em> eine hohe Testrate bedeuten, dass man deutlich schlechter eingestuft wird, als dies bei einer geringeren Testrate der Fall w\u00e4re.<\/p>\n<p>Korrekt m\u00fcsste man also folgender Frage auf den Grund gehen: Sind die Einstufungskriterien so, dass <span style=\"text-decoration: underline;\">bei gleicher Infektionslage<\/span> diejenigen benachteiligt werden, die mehr testen? In diesem Fall w\u00e4re die Vergleichbarkeit n\u00e4mlich nicht gegeben.<\/p>\n<p>Wer doppelt so viel testet findet n\u00e4mlich bei gleicher Infektionslage und gleichbleibenden Testkriterien rund doppelt so viele F\u00e4lle.<\/p>\n<p>Im TAZ-Beitrag steht weiters:<\/p>\n<blockquote><p>Die EU-Kommission unter Ursula von der Leyen basiert ihre Entscheidungen zu den Zonen-Einstufungen auf drei Kriterien: die Anzahl der durchgef\u00fchrten Tests, die 14-Tage-Inzidenz und die Positivit\u00e4tsrate. Rot ist eine Region dann, wenn sie in zwei Wochen mehr als 50 F\u00e4lle pro 100.000 Einwohner aufweist und die Positivit\u00e4tsrate h\u00f6her als 4 Prozent ist. Oder aber wenn die Positivit\u00e4tsrate niedriger als 4 Prozent ist, daf\u00fcr aber die 14-Tage-Inzidenz \u00fcber 150 liegt.<\/p><\/blockquote>\n<p>Diese Kriterien findet man auf der Webseite des <em>Europ\u00e4ischen Zentrums f\u00fcr die Pr\u00e4vention und die Kontrolle von Krankheiten<\/em> (ECDC) tats\u00e4chlich, doch sie beziehen sich offensichtlich <em>nicht<\/em> auf die Karte mit der regionalen Einstufung, auf der S\u00fcdtirol dunkelrot dargestellt wird (s. unten). Diese Karte zeigt lediglich die 14-Tage-Inzidenz, <em>ohne<\/em> Ber\u00fccksichtigung weiterer Kriterien.<\/p>\n<blockquote><p><img loading=\"lazy\" decoding=\"async\" class=\"aligncenter size-full wp-image-63273\" src=\"https:\/\/www.brennerbasisdemokratie.eu\/wp-content\/uploads\/2021\/02\/2021w02_2021w03_COVID14.png\" alt=\"\" width=\"1160\" height=\"819\" srcset=\"https:\/\/www.brennerbasisdemokratie.eu\/wp-content\/uploads\/2021\/02\/2021w02_2021w03_COVID14.png 1160w, https:\/\/www.brennerbasisdemokratie.eu\/wp-content\/uploads\/2021\/02\/2021w02_2021w03_COVID14-768x542.png 768w\" sizes=\"auto, (max-width: 1160px) 100vw, 1160px\" \/><\/p><\/blockquote>\n<p><small><em>Quelle: ECDC.<\/em><\/small><\/p>\n<p><span style=\"text-decoration: underline;\">Ich lasse mich hier nat\u00fcrlich gern korrigieren, wenn ich irre.<\/span><\/p>\n<p>Und ich will hier auch keinerlei Sch\u00f6nf\u00e4rberei betreiben: Auch meiner Meinung nach sind die Zahlen f\u00fcr S\u00fcdtirol alles andere als gut. Doch von den Beh\u00f6rden w\u00fcrde ich mir zur objektiven Lageeinsch\u00e4tzung eine Einstufung aufgrund seri\u00f6ser Kriterien erwarten \u2014 und von den Medien, dass sie die richtigen Zahlen recherchieren, vor allem dann, wenn sie (wie die heutige TAZ) vorgeben, die Wahrheit ans Licht holen zu wollen.<\/p>\n<p><strong><span style=\"font-family: Helvetica, Arial, sans-serif; text-transform: uppercase;\">C\u00ebla enghe:<\/span><\/strong> <a title=\"Testet S\u00fcdtirol am meisten?\" href=\"https:\/\/www.brennerbasisdemokratie.eu\/?p=63221\"><code>01<\/code><\/a> <a title=\"Impfrate \u00bbzum Sch\u00e4men\u00ab \u2014 aber falsch.\" href=\"https:\/\/www.brennerbasisdemokratie.eu\/?p=63020\"><code>02<\/code><\/a>\u00a0<span style=\"font-family: Helvetica, Arial, sans-serif; font-weight: normal;\">||<\/span> <a title=\"Weniger Coronatote als in Norditalien.\" href=\"https:\/\/www.brennerbasisdemokratie.eu\/?p=63288\"><span style=\"color: #ff8c00\"><code>01<\/code><\/span><\/a><\/p>","protected":false},"excerpt":{"rendered":"<p>Das heutige Titelthema der Tageszeitung (TAZ) lautet Die Zahlenjongleure und soll zur Aufkl\u00e4rung \u00fcber die Infektionszahlen in S\u00fcdtirol beitragen. Auf Seite zwei hei\u00dft es dann unter dem Titel Die Test-Wahrheit: In Europa testen nur wenigen [sic] Regionen so massiv wie S\u00fcdtirol. Aber S\u00fcdtirol ist nicht dunkelrot, weil es viel testet, sondern weil das Infektionsgeschehen massiv [&hellip;]<\/p>","protected":false},"author":1,"featured_media":0,"comment_status":"open","ping_status":"open","sticky":false,"template":"","format":"standard","meta":{"_crdt_document":"","ngg_post_thumbnail":0,"_jetpack_memberships_contains_paid_content":false,"footnotes":""},"categories":[1],"tags":[],"class_list":["post-63270","post","type-post","status-publish","format-standard","hentry","category-allgemein","entity-eu","issue-covid-stats","issue-medienkritik","issue-zitac","location-europa","location-sudtirolo","language-deutsch","medium-taz","topic-faktencheck","topic-gesundheit","topic-medien","topic-statistik"],"jetpack_featured_media_url":"","jetpack_sharing_enabled":true,"_links":{"self":[{"href":"https:\/\/www.brennerbasisdemokratie.eu\/index.php?rest_route=\/wp\/v2\/posts\/63270","targetHints":{"allow":["GET"]}}],"collection":[{"href":"https:\/\/www.brennerbasisdemokratie.eu\/index.php?rest_route=\/wp\/v2\/posts"}],"about":[{"href":"https:\/\/www.brennerbasisdemokratie.eu\/index.php?rest_route=\/wp\/v2\/types\/post"}],"author":[{"embeddable":true,"href":"https:\/\/www.brennerbasisdemokratie.eu\/index.php?rest_route=\/wp\/v2\/users\/1"}],"replies":[{"embeddable":true,"href":"https:\/\/www.brennerbasisdemokratie.eu\/index.php?rest_route=%2Fwp%2Fv2%2Fcomments&post=63270"}],"version-history":[{"count":16,"href":"https:\/\/www.brennerbasisdemokratie.eu\/index.php?rest_route=\/wp\/v2\/posts\/63270\/revisions"}],"predecessor-version":[{"id":75981,"href":"https:\/\/www.brennerbasisdemokratie.eu\/index.php?rest_route=\/wp\/v2\/posts\/63270\/revisions\/75981"}],"wp:attachment":[{"href":"https:\/\/www.brennerbasisdemokratie.eu\/index.php?rest_route=%2Fwp%2Fv2%2Fmedia&parent=63270"}],"wp:term":[{"taxonomy":"category","embeddable":true,"href":"https:\/\/www.brennerbasisdemokratie.eu\/index.php?rest_route=%2Fwp%2Fv2%2Fcategories&post=63270"},{"taxonomy":"post_tag","embeddable":true,"href":"https:\/\/www.brennerbasisdemokratie.eu\/index.php?rest_route=%2Fwp%2Fv2%2Ftags&post=63270"}],"curies":[{"name":"wp","href":"https:\/\/api.w.org\/{rel}","templated":true}]}}