{"id":63490,"date":"2021-02-13T19:15:47","date_gmt":"2021-02-13T18:15:47","guid":{"rendered":"https:\/\/www.brennerbasisdemokratie.eu\/?p=63490"},"modified":"2026-01-08T19:31:23","modified_gmt":"2026-01-08T18:31:23","slug":"der-kurze-weg-von-red-land-ins-schwarze-bozen","status":"publish","type":"post","link":"https:\/\/www.brennerbasisdemokratie.eu\/?p=63490","title":{"rendered":"Der kurze Weg von Red Land ins schwarze Bozen."},"content":{"rendered":"<p>Eine kurze Recherche zu <em>Red Land<\/em> (2018), dem revisionistischen Film, den die Gemeinde Meran anl\u00e4sslich des <em>Tages der Erinnerung<\/em> <a title=\"Meran kauft neofaschistischen Film.\" href=\"https:\/\/www.brennerbasisdemokratie.eu\/?p=63458\">zur kostenlosen Ansicht anbietet<\/a>, f\u00f6rdert wenig Erstaunliches und dennoch Interessantes zutage.<\/p>\n<p>Darunter eine indirekte Verbindung zu S\u00fcdtirol. Bindeglied ist Walter Pilo, der Neofaschist, den ich <a title=\"Das Gedenken an den ersten Weltkrieg in den H\u00e4nden neofaschistischer Organisationen.\" href=\"https:\/\/www.brennerbasisdemokratie.eu\/?p=24158\">hier<\/a> schon einmal in diesem Blog erw\u00e4hnt hatte.<\/p>\n<p>F\u00fcr einen weiteren Film <em>(Il segreto d&#8217;Italia)<\/em> des Drehbuchautors von <em>Red Land,<\/em> Antonello Belluco, hatte er \u00fcber seinen Verein <em>L&#8217;Uomo Libero<\/em> zur Beteiligung am <em>Crowdfunding<\/em> aufgerufen.<\/p>\n<p>Pilo lebt heute zwischen Riva del Garda und Arco im benachbarten Trentino. Anfang der 1970er Jahre war der Sohn eines sardischen Soldaten und einer deutschsprachigen S\u00fcdtirolerin noch Sekret\u00e4r des Bozner <em>Fronte della Giovent\u00f9,<\/em> der Jugendorganisation der faschistischen <abbr title=\"Movimento Sociale Italiano\">MSI<\/abbr>. Als im Juli 1971 am Penser Joch ein paramilit\u00e4risches Camp aufflog, war er als Teilnehmer dabei. Ausbildner war ein gewisser Giuseppe Sturaro, der Jahre sp\u00e4ter als Vizekommandant der in S\u00fcdtirol stationierten <a title=\"Wiki: Gladio.\" href=\"https:\/\/de.wikipedia.org\/wiki\/Gladio\" target=\"_blank\" rel=\"noopener\"><em>Gladio<\/em><\/a>-Einheit <em>Primula<\/em> entlarvt wurde.<\/p>\n<p>Im Jahr 1972 ver\u00fcbte Pilo mit drei weiteren Neofaschisten einen aufsehenerregenden Angriff auf Sergio Camin, damals junger S\u00fcdtirol-Korrespondent des <em>Manifesto.<\/em> In diesem Zusammenhang brachten ihn Zeitungsberichte mit weiteren politisch motivierten Gewalttaten in Verbindung:<em><br \/>\n<\/em><\/p>\n<blockquote><p><img loading=\"lazy\" decoding=\"async\" class=\"aligncenter size-full wp-image-63517\" src=\"https:\/\/www.brennerbasisdemokratie.eu\/wp-content\/uploads\/2021\/02\/wpilo-unita-05061972.png\" alt=\"\" width=\"662\" height=\"698\"\/><\/p><\/blockquote>\n<p><em><small>Bericht in <\/small><\/em><small>L&#8217;Unit\u00e0<\/small><em><small> vom 5. Juni 1972 \u2013 Hervorhebung von mir<br \/>\n<\/small><\/em><\/p>\n<blockquote><p><img loading=\"lazy\" decoding=\"async\" class=\"aligncenter size-full wp-image-63492\" src=\"https:\/\/www.brennerbasisdemokratie.eu\/wp-content\/uploads\/2021\/02\/wpilo-unita-12061972.png\" alt=\"\" width=\"965\" height=\"1671\" srcset=\"https:\/\/www.brennerbasisdemokratie.eu\/wp-content\/uploads\/2021\/02\/wpilo-unita-12061972.png 965w, https:\/\/www.brennerbasisdemokratie.eu\/wp-content\/uploads\/2021\/02\/wpilo-unita-12061972-768x1330.png 768w, https:\/\/www.brennerbasisdemokratie.eu\/wp-content\/uploads\/2021\/02\/wpilo-unita-12061972-887x1536.png 887w, https:\/\/www.brennerbasisdemokratie.eu\/wp-content\/uploads\/2021\/02\/wpilo-unita-12061972-693x1200.png 693w\" sizes=\"auto, (max-width: 965px) 100vw, 965px\" \/><\/p><\/blockquote>\n<p><em><small>Bericht in <\/small><\/em><small>L&#8217;Unit\u00e0<\/small><em><small> vom 12. Juni 1972 \u2013 Hervorhebungen von mir<br \/>\n<\/small><\/em><\/p>\n<p>Dass sich an der Gesinnung von Pilo bis heute wesentlich etwas ge\u00e4ndert haben k\u00f6nnte, legen weder die T\u00e4tigkeit seines Vereins \u2014 der auch mit <em>CasaPound<\/em> zusammenarbeitet \u2014 noch sein Einsatz f\u00fcr die <em>Faschistinnen des dritten Jahrtausends<\/em> nahe: als diese vor einigen Jahren vom Bozner <em>Christkindlmarkt der Solidarit\u00e4t<\/em> verbannt wurden, kritisierte Pilo dies scharf.<\/p>\n<p><strong><span style=\"font-family: Helvetica, Arial, sans-serif; text-transform: uppercase;\">C\u00ebla enghe:<\/span><\/strong> <a title=\"Red Land: Doch keine Einsicht?\" href=\"https:\/\/www.brennerbasisdemokratie.eu\/?p=63630\"><span style=\"color:#ff8c00; text-decoration:underline; text-decoration-color:#ff8c00; text-decoration-thickness:3px;\"><code>01<\/code><\/span><\/a><\/p>","protected":false},"excerpt":{"rendered":"<p>Eine kurze Recherche zu Red Land (2018), dem revisionistischen Film, den die Gemeinde Meran anl\u00e4sslich des Tages der Erinnerung zur kostenlosen Ansicht anbietet, f\u00f6rdert wenig Erstaunliches und dennoch Interessantes zutage. Darunter eine indirekte Verbindung zu S\u00fcdtirol. Bindeglied ist Walter Pilo, der Neofaschist, den ich hier schon einmal in diesem Blog erw\u00e4hnt hatte. F\u00fcr einen weiteren [&hellip;]<\/p>","protected":false},"author":1,"featured_media":0,"comment_status":"open","ping_status":"open","sticky":false,"template":"","format":"standard","meta":{"_crdt_document":"","ngg_post_thumbnail":0,"_jetpack_memberships_contains_paid_content":false,"footnotes":""},"categories":[1],"tags":[],"class_list":["post-63490","post","type-post","status-publish","format-standard","hentry","category-allgemein","entity-cpi","entity-msi","issue-foibe","issue-zitac","location-sudtirolo","location-trentino","language-deutsch","language-italiano","medium-il-manifesto","medium-lunita","topic-faschismen","topic-politik","topic-recherche"],"jetpack_featured_media_url":"","jetpack_sharing_enabled":true,"_links":{"self":[{"href":"https:\/\/www.brennerbasisdemokratie.eu\/index.php?rest_route=\/wp\/v2\/posts\/63490","targetHints":{"allow":["GET"]}}],"collection":[{"href":"https:\/\/www.brennerbasisdemokratie.eu\/index.php?rest_route=\/wp\/v2\/posts"}],"about":[{"href":"https:\/\/www.brennerbasisdemokratie.eu\/index.php?rest_route=\/wp\/v2\/types\/post"}],"author":[{"embeddable":true,"href":"https:\/\/www.brennerbasisdemokratie.eu\/index.php?rest_route=\/wp\/v2\/users\/1"}],"replies":[{"embeddable":true,"href":"https:\/\/www.brennerbasisdemokratie.eu\/index.php?rest_route=%2Fwp%2Fv2%2Fcomments&post=63490"}],"version-history":[{"count":7,"href":"https:\/\/www.brennerbasisdemokratie.eu\/index.php?rest_route=\/wp\/v2\/posts\/63490\/revisions"}],"predecessor-version":[{"id":97306,"href":"https:\/\/www.brennerbasisdemokratie.eu\/index.php?rest_route=\/wp\/v2\/posts\/63490\/revisions\/97306"}],"wp:attachment":[{"href":"https:\/\/www.brennerbasisdemokratie.eu\/index.php?rest_route=%2Fwp%2Fv2%2Fmedia&parent=63490"}],"wp:term":[{"taxonomy":"category","embeddable":true,"href":"https:\/\/www.brennerbasisdemokratie.eu\/index.php?rest_route=%2Fwp%2Fv2%2Fcategories&post=63490"},{"taxonomy":"post_tag","embeddable":true,"href":"https:\/\/www.brennerbasisdemokratie.eu\/index.php?rest_route=%2Fwp%2Fv2%2Ftags&post=63490"}],"curies":[{"name":"wp","href":"https:\/\/api.w.org\/{rel}","templated":true}]}}