{"id":63522,"date":"2021-02-15T09:23:00","date_gmt":"2021-02-15T08:23:00","guid":{"rendered":"https:\/\/www.brennerbasisdemokratie.eu\/?p=63522"},"modified":"2024-08-14T13:06:04","modified_gmt":"2024-08-14T11:06:04","slug":"14f-katalonien-hat-gewahlt","status":"publish","type":"post","link":"https:\/\/www.brennerbasisdemokratie.eu\/?p=63522","title":{"rendered":"14F: Katalonien hat gew\u00e4hlt."},"content":{"rendered":"<p>Nach der <a title=\"Katalanischer Pr\u00e4sident abgesetzt.\" href=\"https:\/\/www.brennerbasisdemokratie.eu\/?p=61123\">Absetzung von Pr\u00e4sident Quim Torra<\/a> (<abbr title=\"Junts per Catalunya\">JxC<\/abbr>) hat Katalonien gestern vorzeitig ein neues Parlament gew\u00e4hlt. Das Ergebnis:<\/p>\n<ul>\n<li>Die separatistischen Kr\u00e4fte legen zu (+4 Sitze) und gewinnen diesmal nicht nur \u2014 zum dritten Mal in Folge \u2014 eine Sitzmehrheit (74 von 135), sondern mit 50,7% auch die Mehrheit der Stimmen (also mehr als unionistische und neutrale Kr\u00e4fte zusammen).<\/li>\n<li>Mit dem bisherigen spanischen Gesundheitsminister, dem Katalanen Salvador Illa, gelingt der <abbr title=\"Partit dels Socialistes de Catalunya\">PSC<\/abbr> eine unglaubliche Aufholjagd. Sie kann viele W\u00e4hlerinnen von <abbr title=\"Ciudadanos\">Cs<\/abbr> zur\u00fcckgewinnen und verdoppelt ihre Sitze beinahe (von 17 auf 33). Trotzdem reicht der Illa-Effekt wohl nicht zur Regierungsbildung.<\/li>\n<li>Abgest\u00fcrzt sind im unionistischen Lager sowohl Cs (von 36 auf 6) als auch <abbr title=\"Partido Popular\">PP<\/abbr> (von 4 auf 3). Die rechtsextremistische <em>Vox<\/em> zieht auf Anhieb mit 11 Abgeordneten ins Parlament ein.<\/li>\n<li><em>En Com\u00fa Podem<\/em> kann die \u2014 gem\u00e4\u00df den gesteckten Zielen bescheidene \u2014 Anzahl von 8 Sitzen halten.<\/li>\n<\/ul>\n<p>Bei den Unabh\u00e4ngigkeitsbef\u00fcrworterinnen setzt sich <abbr title=\"Esquerra Republicana de Catalunya\">ERC<\/abbr> (33 Sitze wie die PSC) knapp gegen JxC (32) durch und wird im Falle einer erneuten Koalition der separatistischen Kr\u00e4fte wohl den neuen Pr\u00e4sidenten stellen. Einen Achtungserfolg erzielt die radikal linke <abbr title=\"Candidatura d\u2019Unitat Popular\">CUP<\/abbr>, die ihre Abgeordneten von bislang 4 auf nunmehr 9 mehr als verdoppeln kann. Die <abbr title=\"Partit Dem\u00f2crata Europeu Catal\u00e0\">PDeCAT<\/abbr>-Abspaltung, die nicht in JxC aufgehen wollte und separat kandidiert hat, kommt nicht ins Parlament.<\/p>\n<p>Neben einer separatistischen Mehrheit w\u00e4re rechnerisch auch eine breite linke Mehrheit m\u00f6glich. Mit PSC, ERC, CUP und <em>Podem<\/em> stellen linke und progressive Kr\u00e4fte 83 von 135 Abgeordneten.<\/p>\n<p><strong><span style=\"font-family: Helvetica, Arial, sans-serif; text-transform: uppercase;\">C\u00ebla enghe:<\/span><\/strong> <a title=\"Euskadi+Galicien: Separatismus gewinnt.\" href=\"https:\/\/www.brennerbasisdemokratie.eu\/?p=58881\"><code>01<\/code><\/a> <a title=\"21D: Das Wahlergebnis.\" href=\"https:\/\/www.brennerbasisdemokratie.eu\/?p=38045\"><code>02<\/code><\/a>&nbsp;<span style=\"font-family: Helvetica, Arial, sans-serif; font-weight: normal;\">||<\/span> <a title=\"Catalogna, \u00abcordone sanitario\u00bb contro Vox.\" href=\"https:\/\/www.brennerbasisdemokratie.eu\/?p=63999\"><span style=\"color: #ff8c00\"><code>01<\/code><\/span><\/a> <a title=\"Keine sezessionistische Mehrheit in Katalonien.\" href=\"https:\/\/www.brennerbasisdemokratie.eu\/?p=85775\"><span style=\"color: #ff8c00\"><code>02<\/code><\/span><\/a><\/p>","protected":false},"excerpt":{"rendered":"<p>Nach der Absetzung von Pr\u00e4sident Quim Torra (JxC) hat Katalonien gestern vorzeitig ein neues Parlament gew\u00e4hlt. Das Ergebnis: Die separatistischen Kr\u00e4fte legen zu (+4 Sitze) und gewinnen diesmal nicht nur \u2014 zum dritten Mal in Folge \u2014 eine Sitzmehrheit (74 von 135), sondern mit 50,7% auch die Mehrheit der Stimmen (also mehr als unionistische und [&hellip;]<\/p>","protected":false},"author":1,"featured_media":0,"comment_status":"open","ping_status":"open","sticky":false,"template":"","format":"standard","meta":{"_crdt_document":"","ngg_post_thumbnail":0,"_jetpack_memberships_contains_paid_content":false,"footnotes":""},"categories":[1],"tags":[],"class_list":["post-63522","post","type-post","status-publish","format-standard","hentry","category-allgemein","entity-cs","entity-cup","entity-erc","entity-junts","entity-pdecat","entity-podem-os","entity-pp","entity-psc","entity-vox","issue-good-news","issue-wahlen","location-catalunya","language-deutsch","person-quim-torra","person-salvador-illa","topic-democrazia","topic-politik","topic-selbstbestimmung","topic-statistik"],"jetpack_featured_media_url":"","jetpack_sharing_enabled":true,"_links":{"self":[{"href":"https:\/\/www.brennerbasisdemokratie.eu\/index.php?rest_route=\/wp\/v2\/posts\/63522","targetHints":{"allow":["GET"]}}],"collection":[{"href":"https:\/\/www.brennerbasisdemokratie.eu\/index.php?rest_route=\/wp\/v2\/posts"}],"about":[{"href":"https:\/\/www.brennerbasisdemokratie.eu\/index.php?rest_route=\/wp\/v2\/types\/post"}],"author":[{"embeddable":true,"href":"https:\/\/www.brennerbasisdemokratie.eu\/index.php?rest_route=\/wp\/v2\/users\/1"}],"replies":[{"embeddable":true,"href":"https:\/\/www.brennerbasisdemokratie.eu\/index.php?rest_route=%2Fwp%2Fv2%2Fcomments&post=63522"}],"version-history":[{"count":20,"href":"https:\/\/www.brennerbasisdemokratie.eu\/index.php?rest_route=\/wp\/v2\/posts\/63522\/revisions"}],"predecessor-version":[{"id":87386,"href":"https:\/\/www.brennerbasisdemokratie.eu\/index.php?rest_route=\/wp\/v2\/posts\/63522\/revisions\/87386"}],"wp:attachment":[{"href":"https:\/\/www.brennerbasisdemokratie.eu\/index.php?rest_route=%2Fwp%2Fv2%2Fmedia&parent=63522"}],"wp:term":[{"taxonomy":"category","embeddable":true,"href":"https:\/\/www.brennerbasisdemokratie.eu\/index.php?rest_route=%2Fwp%2Fv2%2Fcategories&post=63522"},{"taxonomy":"post_tag","embeddable":true,"href":"https:\/\/www.brennerbasisdemokratie.eu\/index.php?rest_route=%2Fwp%2Fv2%2Ftags&post=63522"}],"curies":[{"name":"wp","href":"https:\/\/api.w.org\/{rel}","templated":true}]}}