{"id":63778,"date":"2021-02-26T12:28:41","date_gmt":"2021-02-26T11:28:41","guid":{"rendered":"https:\/\/www.brennerbasisdemokratie.eu\/?p=63778"},"modified":"2025-08-06T19:22:09","modified_gmt":"2025-08-06T17:22:09","slug":"minorca-il-capoluogo-corregge-il-toponimo","status":"publish","type":"post","link":"https:\/\/www.brennerbasisdemokratie.eu\/?p=63778","title":{"rendered":"Minorca, il capoluogo corregge il toponimo."},"content":{"rendered":"<p>Nella sua sessione di ieri il Consiglio comunale di Ma\u00f3 (30.000 abitanti), capoluogo dell&#8217;isola di Minorca, ha deciso la modifica del nome della citt\u00e0: una volta conclusa la procedura prevista dalle leggi delle Isole Baleari, il toponimo castiglianizzato di <em>Mah\u00f3n<\/em> non sar\u00e0 pi\u00f9 ufficiale, e rimarr\u00e0 valido solamente quello catalano di <em>Ma\u00f3.<\/em><\/p>\n<p>Nella delibera, approvata con i voti di <em>Ara Ma\u00f3<\/em> e socialisti (PSIB) contro quelli delle destre (<abbr title=\"Partido Popular\">PP<\/abbr> e <abbr title=\"Ciudadanos\">Cs<\/abbr>), si fa riferimento esplicito alle raccomandazioni dell&#8217;ONU (UNGEGN) in materia di nomi geografici.<\/p>\n<p>Ma\u00f3 era rimasta, da alcuni anni, l&#8217;ultimo Comune delle Isole Baleari ad avere, oltre a quello catalano, anche un toponimo ufficiale castiglianizzato. Ma ora si cambia.<\/p>\n<p><strong><span style=\"font-family: Helvetica, Arial, sans-serif; text-transform: uppercase;\">C\u00ebla enghe:<\/span><\/strong> <a title=\"The Restoration of Minority Toponyms.\" href=\"https:\/\/www.brennerbasisdemokratie.eu\/?p=32082\"><code>01<\/code><\/a> <a title=\"Ortsnamen \u00b7 Toponomastica: Catalunya.\" href=\"https:\/\/www.brennerbasisdemokratie.eu\/?p=6375\"><code>02<\/code><\/a> <a title=\"S\u00e8n Jan muss San Giovanni sein.\" href=\"https:\/\/www.brennerbasisdemokratie.eu\/?p=44176\"><code>03<\/code><\/a> <a title=\"Friesische Landesbezeichnung.\" href=\"https:\/\/www.brennerbasisdemokratie.eu\/?p=63194\"><code>04<\/code><\/a> <span style=\"font-family: Helvetica, Arial, sans-serif; font-weight: normal;\">||<\/span> <a title=\"I tribunali baleari dovranno utilizzare i toponimi catalani.\" href=\"https:\/\/www.brennerbasisdemokratie.eu\/?p=93748\"><span style=\"color: #ff8c00\"><code>01<\/code><\/span><\/a><\/p>","protected":false},"excerpt":{"rendered":"<p>Nella sua sessione di ieri il Consiglio comunale di Ma\u00f3 (30.000 abitanti), capoluogo dell&#8217;isola di Minorca, ha deciso la modifica del nome della citt\u00e0: una volta conclusa la procedura prevista dalle leggi delle Isole Baleari, il toponimo castiglianizzato di Mah\u00f3n non sar\u00e0 pi\u00f9 ufficiale, e rimarr\u00e0 valido solamente quello catalano di Ma\u00f3. Nella delibera, approvata [&hellip;]<\/p>","protected":false},"author":1,"featured_media":0,"comment_status":"open","ping_status":"open","sticky":false,"template":"","format":"standard","meta":{"_crdt_document":"","ngg_post_thumbnail":0,"_jetpack_memberships_contains_paid_content":false,"footnotes":""},"categories":[1],"tags":[],"class_list":["post-63778","post","type-post","status-publish","format-standard","hentry","category-allgemein","entity-cs","entity-pp","entity-psoe","entity-ungegn","issue-autonomievergleich","issue-good-news","location-illes-balears","language-italiano","topic-ortsnamen","topic-politik"],"jetpack_featured_media_url":"","jetpack_sharing_enabled":true,"_links":{"self":[{"href":"https:\/\/www.brennerbasisdemokratie.eu\/index.php?rest_route=\/wp\/v2\/posts\/63778","targetHints":{"allow":["GET"]}}],"collection":[{"href":"https:\/\/www.brennerbasisdemokratie.eu\/index.php?rest_route=\/wp\/v2\/posts"}],"about":[{"href":"https:\/\/www.brennerbasisdemokratie.eu\/index.php?rest_route=\/wp\/v2\/types\/post"}],"author":[{"embeddable":true,"href":"https:\/\/www.brennerbasisdemokratie.eu\/index.php?rest_route=\/wp\/v2\/users\/1"}],"replies":[{"embeddable":true,"href":"https:\/\/www.brennerbasisdemokratie.eu\/index.php?rest_route=%2Fwp%2Fv2%2Fcomments&post=63778"}],"version-history":[{"count":5,"href":"https:\/\/www.brennerbasisdemokratie.eu\/index.php?rest_route=\/wp\/v2\/posts\/63778\/revisions"}],"predecessor-version":[{"id":93779,"href":"https:\/\/www.brennerbasisdemokratie.eu\/index.php?rest_route=\/wp\/v2\/posts\/63778\/revisions\/93779"}],"wp:attachment":[{"href":"https:\/\/www.brennerbasisdemokratie.eu\/index.php?rest_route=%2Fwp%2Fv2%2Fmedia&parent=63778"}],"wp:term":[{"taxonomy":"category","embeddable":true,"href":"https:\/\/www.brennerbasisdemokratie.eu\/index.php?rest_route=%2Fwp%2Fv2%2Fcategories&post=63778"},{"taxonomy":"post_tag","embeddable":true,"href":"https:\/\/www.brennerbasisdemokratie.eu\/index.php?rest_route=%2Fwp%2Fv2%2Ftags&post=63778"}],"curies":[{"name":"wp","href":"https:\/\/api.w.org\/{rel}","templated":true}]}}