{"id":64013,"date":"2021-03-13T16:51:48","date_gmt":"2021-03-13T15:51:48","guid":{"rendered":"https:\/\/www.brennerbasisdemokratie.eu\/?p=64013"},"modified":"2023-01-28T06:08:11","modified_gmt":"2023-01-28T05:08:11","slug":"der-gescheiterte-sudtiroler-weg","status":"publish","type":"post","link":"https:\/\/www.brennerbasisdemokratie.eu\/?p=64013","title":{"rendered":"Der gescheiterte S\u00fcdtiroler Weg?"},"content":{"rendered":"<p>Gro\u00df war die <a title=\"Die Recherche kommt nur schleppend voran.\" href=\"https:\/\/www.brennerbasisdemokratie.eu\/?p=63371\">H\u00e4me<\/a> vor rund einem Monat inner- und au\u00dferhalb unserer &#8220;Speck-und-Knedl-Republik&#8221;, nachdem sich die S\u00fcdtiroler Landesregierung erdreistet hatte, Verantwortung zu \u00fcbernehmen, indem sie ihre autonomen Spielr\u00e4ume ausreizte und nach einer Phase weitgehender \u00d6ffnung sich wiederum gezwungen sah, einen sanften Lockdown auszurufen, w\u00e4hrend andernorts Lockerungen angek\u00fcndigt wurden. Arrogant sei es gewesen, zu glauben, man wisse alles besser. In einer Pandemie w\u00e4ren auf regionale Bed\u00fcrfnisse abgestimmte Alleing\u00e4nge der falsche Weg, t\u00f6nte es von \u00fcberall her. Ach h\u00e4tten wir uns doch nur an die zentralen r\u00f6mischen Vorgaben gehalten, dann w\u00e4r jetzt alles super, wie ein Blick auf die aktuelle Corona-Landkarte zeigt.<\/p>\n<blockquote><p><a href=\"https:\/\/www.brennerbasisdemokratie.eu\/wp-content\/uploads\/2021\/03\/Sudtiroler-Weg.png\"><img loading=\"lazy\" decoding=\"async\" class=\"size-full wp-image-64017 aligncenter\" src=\"https:\/\/www.brennerbasisdemokratie.eu\/wp-content\/uploads\/2021\/03\/Sudtiroler-Weg.png\" alt=\"\" width=\"609\" height=\"621\" \/><\/a><\/p><\/blockquote>\n<p><small><em>Quelle: <a title=\"\" href=\"https:\/\/www.ilsole24ore.com\/art\/covid-come-cambiano-colori-regioni-lombardia-e-piemonte-la-zona-rossa-ADSTq9OB\">Il Sole 24 Ore<\/a><\/em><\/small><\/p>\n<p>Es gibt freilich vieles, was man an den Entscheidungen und Handlungen der S\u00fcdtiroler Landesregierung und des Santit\u00e4tsbetriebes kritisieren kann und muss. Bez\u00fcglich des so genannten &#8220;S\u00fcdtiroler Weges&#8221; konzentrierte sich die Kritik aber meist allein auf das Faktum, dass S\u00fcdtirol autonome M\u00f6glichkeiten genutzt hat und nicht auf die inhaltlichen Aspekte dieser Entscheidungen. Dass ein bedingungsloses Folgen des &#8220;r\u00f6mischen Weges&#8221; nicht notwendigerweise zu einem besseren Ergebnis gef\u00fchrt h\u00e4tte, ist aber evident.<\/p>\n<p>Am Ende geht es in dieser Krisenreaktion darum, die Todeszahlen so gering wie m\u00f6glich zu halten, das Gesundheitssystem nicht zu \u00fcberlasten, sodass es zu keinen Triage-Situationen kommt und gleichzeitig das wirtschaftliche und gesellschaftliche Leben so gut es geht am Laufen zu halten, da dieses die Grundvoraussetzung f\u00fcr ein funktionierendes Gesundheitssystem und vieles andere mehr ist. In der Zusammenschau dieser drei Parameter stehen unzweifelhaft viele andere Regionen Europas &#8211; und vor allem auch in anderen Teilen der Welt &#8211; um Welten besser da als S\u00fcdtirol. An diesen Best-Practice-Beispielen h\u00e4tte sich der &#8220;S\u00fcdtiroler Weg&#8221; orientieren sollen, aber nicht am zentralstaatlichen Vorbild. Die Tatsache, dass gro\u00dfe Teile Italiens eine noch schlechtere Performance als S\u00fcdtirol aufweisen, belegt, dass das Problem eben nicht die von der r\u00f6mischen Regierung abweichenden Regeln waren.<\/p>\n<p><strong><span style=\"font-family: Helvetica, Arial, sans-serif; text-transform: uppercase;\">C\u00ebla enghe:<\/span> <\/strong><a title=\"Die Recherche kommt nur schleppend voran.\" href=\"https:\/\/www.brennerbasisdemokratie.eu\/?p=63371\"><code>01<\/code><\/a> <a title=\"Impfskeptische S\u00fcdtiroler \u2013 ein (weiterer) Mythos?\" href=\"https:\/\/www.brennerbasisdemokratie.eu\/?p=63418\"><code>02<\/code><\/a> <a title=\"Der S\u00fcdtiroler Weg bei Pro und Contra.\" href=\"https:\/\/www.brennerbasisdemokratie.eu\/?p=63287\"><code>03<\/code><\/a><\/p>","protected":false},"excerpt":{"rendered":"<p>Gro\u00df war die H\u00e4me vor rund einem Monat inner- und au\u00dferhalb unserer &#8220;Speck-und-Knedl-Republik&#8221;, nachdem sich die S\u00fcdtiroler Landesregierung erdreistet hatte, Verantwortung zu \u00fcbernehmen, indem sie ihre autonomen Spielr\u00e4ume ausreizte und nach einer Phase weitgehender \u00d6ffnung sich wiederum gezwungen sah, einen sanften Lockdown auszurufen, w\u00e4hrend andernorts Lockerungen angek\u00fcndigt wurden. Arrogant sei es gewesen, zu glauben, man [&hellip;]<\/p>","protected":false},"author":8,"featured_media":0,"comment_status":"open","ping_status":"open","sticky":false,"template":"","format":"standard","meta":{"_crdt_document":"","ngg_post_thumbnail":0,"_jetpack_memberships_contains_paid_content":false,"footnotes":""},"categories":[1],"tags":[],"class_list":["post-64013","post","type-post","status-publish","format-standard","hentry","category-allgemein","entity-land-sudtirol","entity-landesregierung","entity-sabes","issue-coronapandemie","location-italy","location-sudtirolo","language-deutsch","medium-s24o","topic-comparatio","topic-foederalismus","topic-gesundheit","topic-medien","topic-politik","topic-satire","topic-staatland","topic-zentralismus","topic-zustaendigkeiten"],"jetpack_featured_media_url":"","jetpack_sharing_enabled":true,"_links":{"self":[{"href":"https:\/\/www.brennerbasisdemokratie.eu\/index.php?rest_route=\/wp\/v2\/posts\/64013","targetHints":{"allow":["GET"]}}],"collection":[{"href":"https:\/\/www.brennerbasisdemokratie.eu\/index.php?rest_route=\/wp\/v2\/posts"}],"about":[{"href":"https:\/\/www.brennerbasisdemokratie.eu\/index.php?rest_route=\/wp\/v2\/types\/post"}],"author":[{"embeddable":true,"href":"https:\/\/www.brennerbasisdemokratie.eu\/index.php?rest_route=\/wp\/v2\/users\/8"}],"replies":[{"embeddable":true,"href":"https:\/\/www.brennerbasisdemokratie.eu\/index.php?rest_route=%2Fwp%2Fv2%2Fcomments&post=64013"}],"version-history":[{"count":23,"href":"https:\/\/www.brennerbasisdemokratie.eu\/index.php?rest_route=\/wp\/v2\/posts\/64013\/revisions"}],"predecessor-version":[{"id":76616,"href":"https:\/\/www.brennerbasisdemokratie.eu\/index.php?rest_route=\/wp\/v2\/posts\/64013\/revisions\/76616"}],"wp:attachment":[{"href":"https:\/\/www.brennerbasisdemokratie.eu\/index.php?rest_route=%2Fwp%2Fv2%2Fmedia&parent=64013"}],"wp:term":[{"taxonomy":"category","embeddable":true,"href":"https:\/\/www.brennerbasisdemokratie.eu\/index.php?rest_route=%2Fwp%2Fv2%2Fcategories&post=64013"},{"taxonomy":"post_tag","embeddable":true,"href":"https:\/\/www.brennerbasisdemokratie.eu\/index.php?rest_route=%2Fwp%2Fv2%2Ftags&post=64013"}],"curies":[{"name":"wp","href":"https:\/\/api.w.org\/{rel}","templated":true}]}}