{"id":64276,"date":"2021-03-25T22:12:51","date_gmt":"2021-03-25T21:12:51","guid":{"rendered":"https:\/\/www.brennerbasisdemokratie.eu\/?p=64276"},"modified":"2021-03-25T22:26:27","modified_gmt":"2021-03-25T21:26:27","slug":"sozialministerium-in-quarantane","status":"publish","type":"post","link":"https:\/\/www.brennerbasisdemokratie.eu\/?p=64276","title":{"rendered":"Sozialministerium in Quarant\u00e4ne."},"content":{"rendered":"<p>Unl\u00e4ngst musste ich aus medizinischen Gr\u00fcnden wieder einmal die Grenze gen Norden passieren. Um in \u00d6sterreich einreisen zu d\u00fcrfen, muss man vorher online eine so genannte <a title=\"\" href=\"https:\/\/entry.ptc.gv.at\/\">Pre-Travel-Clearance<\/a> ausf\u00fcllen.<\/p>\n<blockquote><p>Grunds\u00e4tzlich muss zur Einreise nach \u00d6sterreich ein \u00e4rztliches Zeugnis oder ein in deutscher oder englischer Sprache ausgestellter Nachweis \u00fcber ein g\u00fcltiges negatives Testergebnis auf SARS-CoV-2 vorliegen. Nach der Einreise nach \u00d6sterreich, sind Sie zus\u00e4tzlich verpflichtet, sich f\u00fcr 10 Tage nach Einreise in Quarant\u00e4ne zu begeben.<\/p><\/blockquote>\n<p>So steht es auf den Webseiten des Bundes geschrieben. Reist man jedoch f\u00fcr die Inanspruchnahme einer dringend notwendigen medizinischen Leistung ein, entf\u00e4llt die Pflicht zur Quarant\u00e4ne. Es reicht ein negativer Test und die Best\u00e4tigung des Arztes bez\u00fcglich des dringenden Termins. In meinem Fall war es ja auch so, dass ich wenige Stunden sp\u00e4ter &#8211; nach Beendigung des Arzttermines &#8211; wieder ausreisen wollte.<\/p>\n<p>Entsprechend kann man dann in dem Online-Formular ankreuzen:<\/p>\n<blockquote><p>Die Einreise f\u00e4llt unter mindestens eine Ausnahme des \u00a7 6 Absatz 1 oder \u00a7 6 Absatz 2 der COVID-19-Einreiseverordnung.<\/p><\/blockquote>\n<p>Unter diesem Paragraphen ist eben die Inanspruchnahme medizinischer Leistungen vermerkt.<\/p>\n<p>Wenige Klicks sp\u00e4ter wird man aber dann dazu aufgefordert, den Wohnsitz bzw. die Aufenthaltsadresse in \u00d6sterreich (Adresse des Quarant\u00e4neorts) einzutragen.<\/p>\n<blockquote><p>Falls Ihr Wohnsitz nicht in \u00d6sterreich liegt, oder Sie sich nach Ihrer Einreise nicht an Ihrem Wohnsitz aufhalten werden, ist hier die \u00f6sterreichische Aufenthaltsadresse nach Einreise anzugeben. Die angegebene Adresse ist jedenfalls jene, an welcher \u2013 falls erforderlich \u2013 die Zeit der Quarant\u00e4ne zu verbringen ist.<\/p><\/blockquote>\n<p>Bl\u00f6derweise sind das Pflichtfelder, ohne die sich das Formular nicht abschicken l\u00e4sst.<\/p>\n<p>Ich habe dann das Sozialministerium per E-Mail kontaktiert, wie denn das funktionieren soll: Ich w\u00e4hle im Formular eine Ausnahme zur Quarant\u00e4neverpflichtung und werde gleichzeitig aufgefordert eine Quarant\u00e4neadresse anzugeben, ohne die ich die Pre-Travel-Clearance nicht abschlie\u00dfen kann.<\/p>\n<blockquote><p>[&#8230;] Bitte um Aufkl\u00e4rung, was ich falsch gemacht habe oder ob das Formular tats\u00e4chlich fehlerhaft ist.<\/p>\n<p>Mit freundlichen Gr\u00fc\u00dfen<br \/>\nHarald Knoflach<\/p><\/blockquote>\n<p>Gl\u00fccklicherweise habe ich auch eine \u00f6sterreichische Wohnadresse, die ich angeben konnte. Aber ich frage mich, was jemand tut, der unter obige Ausnahme f\u00e4llt, eventuell auch am selben Tag wieder ausreist und keine Adresse in \u00d6sterreich angeben kann.<\/p>\n<p>Neun (!) Tage nach meiner Anfrage habe ich dieses automatisierte Mail erhalten:<\/p>\n<blockquote><p>Sehr geehrter Herr Knoflach,<\/p>\n<p>vielen Dank f\u00fcr Ihr E-Mail, das im Service f\u00fcr B\u00fcrgerinnen und B\u00fcrger des Bundesministeriums f\u00fcr Soziales, Gesundheit, Pflege und Konsumentenschutz eingelangt ist. Wir bedauern, dass die hohe Anzahl an Anfragen zu einer l\u00e4ngeren Bearbeitungsdauer gef\u00fchrt hat.<br \/>\nAufgrund der extrem hohen Anzahl an Anfragen und der dynamischen Entwicklung der Rechtslage k\u00f6nnen derzeit keine Anfragen zur Einreiseverordnung im Detail beantwortet werden, Sie finden die aktuellen Informationen auf unserer Website:<br \/>\n<a title=\"\" href=\"https:\/\/www.sozialministerium.at\/Informationen-zum-Coronavirus\/Coronavirus---Haeufig-gestellte-Fragen\/FAQ--Reisen-und-Tourismus.html\">https:\/\/www.sozialministerium.at\/Informationen-zum-Coronavirus\/Coronavirus&#8212;Haeufig-gestellte-Fragen\/FAQ&#8211;Reisen-und-Tourismus.html<\/a><\/p>\n<p>Dort erhalten Sie konkrete Informationen zur Registrierung vor Einreise, zum Pre-Travel-Clearance Formular sowie zur Einreise aus beruflichen und privaten Gr\u00fcnden. [&#8230;]<\/p>\n<p>Mit freundlichen Gr\u00fc\u00dfen<\/p>\n<p>Bundesministerium f\u00fcr Soziales, Gesundheit, Pflege<br \/>\nund Konsumentenschutz<\/p><\/blockquote>\n<p>Ich habe es dabei belassen.<\/p>\n<p><strong>Beobachtung am Rande:<\/strong> Ich hab jetzt bereits mehrfach w\u00e4hrend des Lockdowns die Brennergrenze passiert. Bei der Einreise nach \u00d6sterreich wurde ich jedes Mal &#8211; wie alle anderen Autos vor und nach mir &#8211; angehalten und kontrolliert. Bei der R\u00fcckreise ging es mit 60 Sachen am &#8220;Willkommen in S\u00fcdtirol&#8221;-Schild vorbei. Dem vernehmen nach (Freunde und Bekannte) ist das immer so.<\/p>\n<p><strong><span style=\"font-family: Helvetica, Arial, sans-serif; text-transform: uppercase;\">C\u00ebla enghe:<\/span><\/strong> <a title=\"Weder Schnelligkeit noch Perfektion.\" href=\"https:\/\/www.brennerbasisdemokratie.eu\/?p=61580\"><code>01<\/code><\/a> <a title=\"Angemessene Performance?\" href=\"https:\/\/www.brennerbasisdemokratie.eu\/?p=61833\"><code>02<\/code><\/a> <a title=\"Es ist vollbracht!\" href=\"https:\/\/www.brennerbasisdemokratie.eu\/?p=62299\"><code>03<\/code><\/a><\/p>","protected":false},"excerpt":{"rendered":"<p>Unl\u00e4ngst musste ich aus medizinischen Gr\u00fcnden wieder einmal die Grenze gen Norden passieren. Um in \u00d6sterreich einreisen zu d\u00fcrfen, muss man vorher online eine so genannte Pre-Travel-Clearance ausf\u00fcllen. Grunds\u00e4tzlich muss zur Einreise nach \u00d6sterreich ein \u00e4rztliches Zeugnis oder ein in deutscher oder englischer Sprache ausgestellter Nachweis \u00fcber ein g\u00fcltiges negatives Testergebnis auf SARS-CoV-2 vorliegen. Nach [&hellip;]<\/p>","protected":false},"author":8,"featured_media":0,"comment_status":"open","ping_status":"open","sticky":false,"template":"","format":"standard","meta":{"_crdt_document":"","ngg_post_thumbnail":0,"_jetpack_memberships_contains_paid_content":false,"footnotes":""},"categories":[1],"tags":[],"class_list":["post-64276","post","type-post","status-publish","format-standard","hentry","category-allgemein","issue-coronapandemie","location-nord-osttirol","location-osterreich","location-sudtirolo","location-tirol","language-deutsch","topic-buerokratismus","topic-gesundheit","topic-grenzen","topic-mobilitaet","topic-servicepublic","topic-tech_com","topic-verbraucherinnen"],"jetpack_featured_media_url":"","jetpack_sharing_enabled":true,"_links":{"self":[{"href":"https:\/\/www.brennerbasisdemokratie.eu\/index.php?rest_route=\/wp\/v2\/posts\/64276","targetHints":{"allow":["GET"]}}],"collection":[{"href":"https:\/\/www.brennerbasisdemokratie.eu\/index.php?rest_route=\/wp\/v2\/posts"}],"about":[{"href":"https:\/\/www.brennerbasisdemokratie.eu\/index.php?rest_route=\/wp\/v2\/types\/post"}],"author":[{"embeddable":true,"href":"https:\/\/www.brennerbasisdemokratie.eu\/index.php?rest_route=\/wp\/v2\/users\/8"}],"replies":[{"embeddable":true,"href":"https:\/\/www.brennerbasisdemokratie.eu\/index.php?rest_route=%2Fwp%2Fv2%2Fcomments&post=64276"}],"version-history":[{"count":8,"href":"https:\/\/www.brennerbasisdemokratie.eu\/index.php?rest_route=\/wp\/v2\/posts\/64276\/revisions"}],"predecessor-version":[{"id":64290,"href":"https:\/\/www.brennerbasisdemokratie.eu\/index.php?rest_route=\/wp\/v2\/posts\/64276\/revisions\/64290"}],"wp:attachment":[{"href":"https:\/\/www.brennerbasisdemokratie.eu\/index.php?rest_route=%2Fwp%2Fv2%2Fmedia&parent=64276"}],"wp:term":[{"taxonomy":"category","embeddable":true,"href":"https:\/\/www.brennerbasisdemokratie.eu\/index.php?rest_route=%2Fwp%2Fv2%2Fcategories&post=64276"},{"taxonomy":"post_tag","embeddable":true,"href":"https:\/\/www.brennerbasisdemokratie.eu\/index.php?rest_route=%2Fwp%2Fv2%2Ftags&post=64276"}],"curies":[{"name":"wp","href":"https:\/\/api.w.org\/{rel}","templated":true}]}}