{"id":64312,"date":"2021-03-27T09:52:23","date_gmt":"2021-03-27T08:52:23","guid":{"rendered":"https:\/\/www.brennerbasisdemokratie.eu\/?p=64312"},"modified":"2025-11-09T18:14:56","modified_gmt":"2025-11-09T17:14:56","slug":"katalanisches-parlament-isoliert-vox","status":"publish","type":"post","link":"https:\/\/www.brennerbasisdemokratie.eu\/?p=64312","title":{"rendered":"Katalanisches Parlament isoliert Vox."},"content":{"rendered":"<p>Gestern ist das <a title=\"14F: Katalonien hat gew\u00e4hlt.\" href=\"https:\/\/www.brennerbasisdemokratie.eu\/?p=63522\">neugew\u00e4hlte<\/a> katalanische Parlament erstmals zusammengetreten, um \u00fcber die Wahl der Nachfolgerin von Pr\u00e4sident Quim Torra (<abbr title=\"Junts per Catalunya\">JxC<\/abbr>) zu debattieren.<\/p>\n<p>Dabei haben die Fraktionen von JxC, <abbr title=\"Esquerra Republicana de Catalunya\">ERC<\/abbr>, <abbr title=\"Candidatura d\u2019Unitat Popular\">CUP<\/abbr> und <em>En Com\u00fa Podem<\/em> gemeinsam den Saal verlassen, als der Redner der rechtsradikalen <em>Vox, <\/em>Ignacio Garriga,&nbsp;aufgerufen wurde:<\/p>\n<blockquote><p><img loading=\"lazy\" decoding=\"async\" class=\"aligncenter size-full wp-image-64313\" src=\"https:\/\/www.brennerbasisdemokratie.eu\/wp-content\/uploads\/2021\/03\/catparl-vox1.png\" alt=\"\" width=\"744\" height=\"390\"\/> <img loading=\"lazy\" decoding=\"async\" class=\"aligncenter size-full wp-image-64314\" src=\"https:\/\/www.brennerbasisdemokratie.eu\/wp-content\/uploads\/2021\/03\/catparl-vox2.png\" alt=\"\" width=\"744\" height=\"390\"\/> <img loading=\"lazy\" decoding=\"async\" class=\"aligncenter size-full wp-image-64315\" src=\"https:\/\/www.brennerbasisdemokratie.eu\/wp-content\/uploads\/2021\/03\/catparl-vox3.png\" alt=\"\" width=\"744\" height=\"390\"\/><\/p><\/blockquote>\n<p>Gemeinsam mit der <abbr title=\"Partit dels Socialistes de Catalunya\">PSC<\/abbr> hatten diese vier Fraktionen <a title=\"Catalogna, \u00abcordone sanitario\u00bb contro Vox.\" href=\"https:\/\/www.brennerbasisdemokratie.eu\/?p=63999\">eine Vereinbarung getroffen<\/a>, um <em>Vox<\/em> so weit wie m\u00f6glich aus der gemeinsamen parlamentarischen Arbeit auszuschlie\u00dfen. Die gestrige Geste geht jedoch \u00fcber die Vereinbarung hinaus und entspricht dem, was im s\u00e4chsischen Landtag Usus war, als die NPD das Wort ergriff.<\/p>\n<p>Die rechtsradikale <em>Vox<\/em> ist die spanische Schwesterpartei von Alessandro Urz\u00ecs <em>Fratelli d&#8217;Italia.<\/em> Im EU-Parlament geh\u00f6ren beide der Fraktion der <em>Europ\u00e4ischen Konservativen und Reformer<\/em> an, deren Parteivorsitzende Giorgia Meloni (FdI) ist.<\/p>\n<p>In S\u00fcdtirol ist es leider nicht \u00fcblich, rechtsradikale oder gar rechtsextremistische Parteien zu isolieren. Selbst die offen faschistische <em>CasaPound<\/em> (CPI) war im Gemeinderat der Landeshauptstadt nie mit \u00e4hnlichen Ma\u00dfnahmen konfrontiert wie <em>Vox<\/em> in Katalonien. Im Gegenteil: mehrmals wurde sie sogar <a title=\"Christoph Baur f\u00fcr Zusammenarbeit mit CPI.\" href=\"https:\/\/www.brennerbasisdemokratie.eu\/?p=29694\">umworben<\/a>, ihre Vorschl\u00e4ge <a title=\"Bozner Lido bekommt eine Ausstellung.\" href=\"https:\/\/www.brennerbasisdemokratie.eu\/?p=47582\">angenommen<\/a> und sie sa\u00df in der Ratskommission f\u00fcr Kultur, wo sie im Falle der Abwesenheit anderer Mitglieder <a title=\"Faschos entscheiden \u00fcber Beitragsvergabe.\" href=\"https:\/\/www.brennerbasisdemokratie.eu\/?p=41736\">Druck und Macht aus\u00fcben<\/a> konnte. Dar\u00fcber hinaus nahmen Mitglieder der gegenw\u00e4rtigen Landesregierung <a title=\"Die Landesr\u00e4te mit CasaPound.\" href=\"https:\/\/www.brennerbasisdemokratie.eu\/?p=51812\">schon gemeinsam mit CPI an Veranstaltungen teil.<\/a><\/p>\n<p><strong><span style=\"font-family: Helvetica, Arial, sans-serif; text-transform: uppercase;\">C\u00ebla enghe:<\/span><\/strong> <a title=\"S\u00e4chsisches Vorbild?\" href=\"https:\/\/www.brennerbasisdemokratie.eu\/?p=39218\"><code>01<\/code><\/a> <a title=\"Nicht gleichberechtigt nebeneinander.\" href=\"https:\/\/www.brennerbasisdemokratie.eu\/?p=39031\"><code>02<\/code><\/a>&nbsp;<span style=\"font-family: Helvetica, Arial, sans-serif; font-weight: normal;\">||<\/span> <a title=\"Landtag: Rettung f\u00fcr Urz\u00ec.\" href=\"https:\/\/www.brennerbasisdemokratie.eu\/?p=72800\" rel=\"\"><span style=\"color: #ff8c00\"><code>01<\/code><\/span><\/a> <a title=\"Th\u00fcringen als Spiegel.\" href=\"https:\/\/www.brennerbasisdemokratie.eu\/?p=80716\" rel=\"\"><span style=\"color: #ff8c00\"><code>02<\/code><\/span><\/a> <a title=\"Puigdemont esclude alleanze con l\u2019ultradestra.\" href=\"https:\/\/www.brennerbasisdemokratie.eu\/?p=84993\"><span style=\"color: #ff8c00\"><code>03<\/code><\/span><\/a> <a title=\"Rote Linie (in Katalonien).\" href=\"https:\/\/www.brennerbasisdemokratie.eu\/?p=85619\"><span style=\"color: #ff8c00\"><code>04<\/code><\/span><\/a><\/p>","protected":false},"excerpt":{"rendered":"<p>Gestern ist das neugew\u00e4hlte katalanische Parlament erstmals zusammengetreten, um \u00fcber die Wahl der Nachfolgerin von Pr\u00e4sident Quim Torra (JxC) zu debattieren. Dabei haben die Fraktionen von JxC, ERC, CUP und En Com\u00fa Podem gemeinsam den Saal verlassen, als der Redner der rechtsradikalen Vox, Ignacio Garriga,&nbsp;aufgerufen wurde: Gemeinsam mit der PSC hatten diese vier Fraktionen eine [&hellip;]<\/p>","protected":false},"author":1,"featured_media":0,"comment_status":"open","ping_status":"open","sticky":false,"template":"","format":"standard","meta":{"_crdt_document":"","ngg_post_thumbnail":0,"_jetpack_memberships_contains_paid_content":false,"footnotes":""},"categories":[1],"tags":[],"class_list":["post-64312","post","type-post","status-publish","format-standard","hentry","category-allgemein","entity-cpi","entity-cup","entity-erc","entity-fdi","entity-junts","entity-podem-os","entity-psc","entity-vox","issue-brandmauer","issue-good-news","issue-good-practices","location-catalunya","location-deutschland","location-sudtirolo","language-deutsch","person-alessandro-urzi","person-giorgia-meloni","person-quim-torra","topic-democrazia","topic-faschismen","topic-politik","topic-ungehorsam"],"jetpack_featured_media_url":"","jetpack_sharing_enabled":true,"_links":{"self":[{"href":"https:\/\/www.brennerbasisdemokratie.eu\/index.php?rest_route=\/wp\/v2\/posts\/64312","targetHints":{"allow":["GET"]}}],"collection":[{"href":"https:\/\/www.brennerbasisdemokratie.eu\/index.php?rest_route=\/wp\/v2\/posts"}],"about":[{"href":"https:\/\/www.brennerbasisdemokratie.eu\/index.php?rest_route=\/wp\/v2\/types\/post"}],"author":[{"embeddable":true,"href":"https:\/\/www.brennerbasisdemokratie.eu\/index.php?rest_route=\/wp\/v2\/users\/1"}],"replies":[{"embeddable":true,"href":"https:\/\/www.brennerbasisdemokratie.eu\/index.php?rest_route=%2Fwp%2Fv2%2Fcomments&post=64312"}],"version-history":[{"count":16,"href":"https:\/\/www.brennerbasisdemokratie.eu\/index.php?rest_route=\/wp\/v2\/posts\/64312\/revisions"}],"predecessor-version":[{"id":96028,"href":"https:\/\/www.brennerbasisdemokratie.eu\/index.php?rest_route=\/wp\/v2\/posts\/64312\/revisions\/96028"}],"wp:attachment":[{"href":"https:\/\/www.brennerbasisdemokratie.eu\/index.php?rest_route=%2Fwp%2Fv2%2Fmedia&parent=64312"}],"wp:term":[{"taxonomy":"category","embeddable":true,"href":"https:\/\/www.brennerbasisdemokratie.eu\/index.php?rest_route=%2Fwp%2Fv2%2Fcategories&post=64312"},{"taxonomy":"post_tag","embeddable":true,"href":"https:\/\/www.brennerbasisdemokratie.eu\/index.php?rest_route=%2Fwp%2Fv2%2Ftags&post=64312"}],"curies":[{"name":"wp","href":"https:\/\/api.w.org\/{rel}","templated":true}]}}