{"id":64490,"date":"2021-04-07T20:53:12","date_gmt":"2021-04-07T18:53:12","guid":{"rendered":"https:\/\/www.brennerbasisdemokratie.eu\/?p=64490"},"modified":"2023-05-12T17:50:43","modified_gmt":"2023-05-12T15:50:43","slug":"covid-attenti-al-paternalismo-centralista","status":"publish","type":"post","link":"https:\/\/www.brennerbasisdemokratie.eu\/?p=64490","title":{"rendered":"Covid: Attenti al paternalismo centralista."},"content":{"rendered":"<blockquote><p>Dichiarare gli stati di emergenza \u00e8 sempre pericoloso, ancor pi\u00f9 quando (come in Italia) manchi una disciplina costituzionale degli stessi. Perch\u00e9 l\u2019emergenza \u00e8 nemica del diritto.<\/p>\n<p><small><em>\u2014 Francesco Palermo<\/em><\/small><\/p><\/blockquote>\n<blockquote><p>Nella contingenza tutti hanno fatto degli errori, province autonome comprese. Starei per\u00f2 attento ad invocare un approccio paternalistico che non funziona pi\u00f9 nemmeno sul piano pedagogico, non solo costituzionale. \u00c8 come se in una famiglia i genitori pensassero di non sbagliare mai e che i loro figli non ne azzeccano una, quindi \u00e8 tutto un controllo, un divieto, un rimprovero. Non ci siamo, direi\u2026<\/p>\n<p><small><em>\u2014 Francesco Palermo<\/em><\/small><\/p><\/blockquote>\n<blockquote><p>[L]a risposta deve essere articolata, e deve riuscire a fornire soluzioni modulate in base alle circostanze. Non pu\u00f2 essere indifferenziata e militaresca. Nemmeno in condizioni di emergenza. Anzi, meno ancora in situazioni di emergenza. Perch\u00e9 \u00e8 nelle difficolt\u00e0 che si vede il grado di democraticit\u00e0 dei sistemi.<\/p>\n<p><small><em>\u2014 Francesco Palermo<\/em><\/small><\/p><\/blockquote>\n<p><em>Dall&#8217;<a title=\"Anordestdiche: La pandemia e il &quot;vaccino federalista&quot;.\" href=\"https:\/\/www.anordestdiche.com\/vaccino-federalista\/\" target=\"_blank\" rel=\"noopener\">intervista<\/a> di Massimiliano Boschi con Francesco Palermo apparsa ieri su <\/em>Anordestdiche<\/p>\n<p><strong><span style=\"font-family: Helvetica, Arial, sans-serif; text-transform: uppercase;\">C\u00ebla enghe:<\/span><\/strong> <a title=\"Tag+Nacht: Pandemiezentralismus.\" href=\"https:\/\/www.brennerbasisdemokratie.eu\/?p=63186\"><code>01<\/code><\/a> <a title=\"Die Sch\u00f6nwetterverfassung.\" href=\"https:\/\/www.brennerbasisdemokratie.eu\/?p=55492\"><code>02<\/code><\/a> <a title=\"Autonome oder zentralistische Fehler?\" href=\"https:\/\/www.brennerbasisdemokratie.eu\/?p=61417\"><code>03<\/code><\/a> <a title=\"Corona: Autonomie oder Sturheit?\" href=\"https:\/\/www.brennerbasisdemokratie.eu\/?p=61352\"><code>04<\/code><\/a> <a title=\"Der S\u00fcdtiroler Weg bei Pro und Contra.\" href=\"https:\/\/www.brennerbasisdemokratie.eu\/?p=63287\"><code>05<\/code><\/a> <a title=\"Verfassungsgericht: Die Pandemie ist staatlich.\" href=\"https:\/\/www.brennerbasisdemokratie.eu\/?p=63787\"><code>06<\/code><\/a> <a title=\"L\u2019autonomia come il Monopoly.\" href=\"https:\/\/www.brennerbasisdemokratie.eu\/?p=56639\"><code>07<\/code><\/a> <span style=\"font-family: Helvetica, Arial, sans-serif; font-weight: normal;\">||<\/span> <a title=\"F\u00fchrungslos in die n\u00e4chste Welle.\" href=\"https:\/\/www.brennerbasisdemokratie.eu\/?p=69490\" rel=\"\"><span style=\"color: #ff8c00\"><code>01<\/code><\/span><\/a><\/p>","protected":false},"excerpt":{"rendered":"<p>Dichiarare gli stati di emergenza \u00e8 sempre pericoloso, ancor pi\u00f9 quando (come in Italia) manchi una disciplina costituzionale degli stessi. Perch\u00e9 l\u2019emergenza \u00e8 nemica del diritto. \u2014 Francesco Palermo Nella contingenza tutti hanno fatto degli errori, province autonome comprese. Starei per\u00f2 attento ad invocare un approccio paternalistico che non funziona pi\u00f9 nemmeno sul piano pedagogico, [&hellip;]<\/p>","protected":false},"author":1,"featured_media":0,"comment_status":"open","ping_status":"open","sticky":false,"template":"","format":"standard","meta":{"_crdt_document":"","ngg_post_thumbnail":0,"_jetpack_memberships_contains_paid_content":false,"footnotes":""},"categories":[1],"tags":[],"class_list":["post-64490","post","type-post","status-publish","format-standard","hentry","category-allgemein","issue-coronapandemie","issue-quotation","location-italy","language-italiano","person-francesco-palermo","person-massimiliano-boschi","topic-democrazia","topic-foederalismus","topic-gesundheit","topic-medien","topic-recht","topic-subsidiaritaet","topic-zentralismus"],"jetpack_featured_media_url":"","jetpack_sharing_enabled":true,"_links":{"self":[{"href":"https:\/\/www.brennerbasisdemokratie.eu\/index.php?rest_route=\/wp\/v2\/posts\/64490","targetHints":{"allow":["GET"]}}],"collection":[{"href":"https:\/\/www.brennerbasisdemokratie.eu\/index.php?rest_route=\/wp\/v2\/posts"}],"about":[{"href":"https:\/\/www.brennerbasisdemokratie.eu\/index.php?rest_route=\/wp\/v2\/types\/post"}],"author":[{"embeddable":true,"href":"https:\/\/www.brennerbasisdemokratie.eu\/index.php?rest_route=\/wp\/v2\/users\/1"}],"replies":[{"embeddable":true,"href":"https:\/\/www.brennerbasisdemokratie.eu\/index.php?rest_route=%2Fwp%2Fv2%2Fcomments&post=64490"}],"version-history":[{"count":5,"href":"https:\/\/www.brennerbasisdemokratie.eu\/index.php?rest_route=\/wp\/v2\/posts\/64490\/revisions"}],"predecessor-version":[{"id":72980,"href":"https:\/\/www.brennerbasisdemokratie.eu\/index.php?rest_route=\/wp\/v2\/posts\/64490\/revisions\/72980"}],"wp:attachment":[{"href":"https:\/\/www.brennerbasisdemokratie.eu\/index.php?rest_route=%2Fwp%2Fv2%2Fmedia&parent=64490"}],"wp:term":[{"taxonomy":"category","embeddable":true,"href":"https:\/\/www.brennerbasisdemokratie.eu\/index.php?rest_route=%2Fwp%2Fv2%2Fcategories&post=64490"},{"taxonomy":"post_tag","embeddable":true,"href":"https:\/\/www.brennerbasisdemokratie.eu\/index.php?rest_route=%2Fwp%2Fv2%2Ftags&post=64490"}],"curies":[{"name":"wp","href":"https:\/\/api.w.org\/{rel}","templated":true}]}}