{"id":64774,"date":"2021-05-03T09:07:25","date_gmt":"2021-05-03T07:07:25","guid":{"rendered":"https:\/\/www.brennerbasisdemokratie.eu\/?p=64774"},"modified":"2024-02-17T20:54:05","modified_gmt":"2024-02-17T19:54:05","slug":"korsika-startet-mit-korsischer-immersion","status":"publish","type":"post","link":"https:\/\/www.brennerbasisdemokratie.eu\/?p=64774","title":{"rendered":"Korsika startet mit korsischer Immersion."},"content":{"rendered":"<p>Ab dem f\u00fcr September geplanten \u2014 aber pandemiabh\u00e4ngigen \u2014 Schulbeginn 2021\/22 starten in Korsika die ersten beiden Immersionsschulen mit korsischer Unterrichtssprache. Sie sind Teil des <em>Eskolim<\/em>-Netzwerks, dem s\u00e4mtliche Vereinsschulen auf franz\u00f6sischem Staatsgebiet angeh\u00f6ren: <em>Diwan<\/em> (Bretagne), <em>Seaska-Ikastola<\/em> (Baskenland), <em>Bressola<\/em> (Katalonien), <em>Calendreta<\/em> (Okzitanien) und <em>ABCM-Zweisprachigkeit<\/em> (Elsass und Lothringen). Die Schulen sind zwar privat, aber kostenlos und laizistisch sowie voll staatlich anerkannt.<\/p>\n<p>Mit dem k\u00fcrzlich <a title=\"La Francia promuove le lingue minoritarie.\" href=\"https:\/\/www.brennerbasisdemokratie.eu\/?p=64500\">verabschiedeten<\/a> \u2014 doch von <em>R\u00e9publique en Marche<\/em> <a title=\"Macron behindert Minderheitenschutzgesetz.\" href=\"https:\/\/www.brennerbasisdemokratie.eu\/?p=64663\">angefochtenen<\/a> \u2014 Minderheitenschutzgesetz k\u00f6nnten die ersten vollimmersiven Schulen oder Schulz\u00fcge demn\u00e4chst auch im Rahmen des \u00f6ffentlichen Schulsystems entstehen.<\/p>\n<p>Die beiden Schulen von <em>Scola Corsa<\/em> werden im Herbst in den Gemeinden Bastia und Biguglia starten. Weitere Ortschaften haben aber bereits ihr Interesse bekundet, auf ihrem Gebiet ebenfalls Schulen in korsischer Sprache zu errichten.<\/p>\n<p>Auf italienischem Staatsgebiet gibt es vollimmersive \u00f6ffentliche Schulen in der Minderheitensprache nur f\u00fcr Deutsch in S\u00fcdtirol. Es w\u00e4re allerdings an der Zeit, auch den Ladinerinnen ein \u00e4hnliches Modell anzubieten \u2014 oder zumindest im Rahmen des bestehenden parit\u00e4tischen Systems (Deutsch und Italienisch) die Pr\u00e4senz der ladinischen Minderheitensprache massiv auszubauen.<\/p>\n<p><strong><span style=\"font-family: Helvetica, Arial, sans-serif; text-transform: uppercase;\">C\u00ebla enghe:<\/span><\/strong> <a title=\"CLIL auf Ladinisch, aber nicht in S\u00fcdtirol.\" href=\"https:\/\/www.brennerbasisdemokratie.eu\/?p=31817\"><code>01<\/code><\/a> <a title=\"Hauptunterrichtssprache Ladinisch.\" href=\"https:\/\/www.brennerbasisdemokratie.eu\/?p=25492\"><code>02<\/code><\/a> <a title=\"Immersion ist f\u00fcr Minderheiten nicht.\" href=\"https:\/\/www.brennerbasisdemokratie.eu\/?p=64168\"><code>03<\/code><\/a> <a title=\"Katalanische Immersion, europ\u00e4isches Modell.\" href=\"https:\/\/www.brennerbasisdemokratie.eu\/?p=8937\"><code>04<\/code><\/a> <a title=\"Europarat empfiehlt Val\u00e8ncia Immersion.\" href=\"https:\/\/www.brennerbasisdemokratie.eu\/?p=64457\"><code>05<\/code><\/a> <a title=\"Frankreich: Regionalsprachen bei der Matura.\" href=\"https:\/\/www.brennerbasisdemokratie.eu\/?p=50793\"><code>06<\/code><\/a> <span style=\"font-family: Helvetica, Arial, sans-serif; font-weight: normal;\">||<\/span> <a href=\"https:\/\/www.brennerbasisdemokratie.eu\/?p=83837\" title=\"Francia: maggioranza favorevole all\u2019insegnamento delle lingue minorizzate.\"><span style=\"color: #ff8c00\"><code>01<\/code><\/span><\/a><\/p>","protected":false},"excerpt":{"rendered":"<p>Ab dem f\u00fcr September geplanten \u2014 aber pandemiabh\u00e4ngigen \u2014 Schulbeginn 2021\/22 starten in Korsika die ersten beiden Immersionsschulen mit korsischer Unterrichtssprache. Sie sind Teil des Eskolim-Netzwerks, dem s\u00e4mtliche Vereinsschulen auf franz\u00f6sischem Staatsgebiet angeh\u00f6ren: Diwan (Bretagne), Seaska-Ikastola (Baskenland), Bressola (Katalonien), Calendreta (Okzitanien) und ABCM-Zweisprachigkeit (Elsass und Lothringen). Die Schulen sind zwar privat, aber kostenlos und laizistisch [&hellip;]<\/p>","protected":false},"author":1,"featured_media":0,"comment_status":"open","ping_status":"open","sticky":false,"template":"","format":"standard","meta":{"_crdt_document":"","ngg_post_thumbnail":0,"_jetpack_memberships_contains_paid_content":false,"footnotes":""},"categories":[1],"tags":[],"class_list":["post-64774","post","type-post","status-publish","format-standard","hentry","category-allgemein","issue-clil-immersion","issue-good-news","location-corsica","location-ladinia","language-deutsch","topic-comparatio","topic-minderheitenschutz","topic-plurilinguism","topic-scola","topic-servicepublic"],"jetpack_featured_media_url":"","jetpack_sharing_enabled":true,"_links":{"self":[{"href":"https:\/\/www.brennerbasisdemokratie.eu\/index.php?rest_route=\/wp\/v2\/posts\/64774","targetHints":{"allow":["GET"]}}],"collection":[{"href":"https:\/\/www.brennerbasisdemokratie.eu\/index.php?rest_route=\/wp\/v2\/posts"}],"about":[{"href":"https:\/\/www.brennerbasisdemokratie.eu\/index.php?rest_route=\/wp\/v2\/types\/post"}],"author":[{"embeddable":true,"href":"https:\/\/www.brennerbasisdemokratie.eu\/index.php?rest_route=\/wp\/v2\/users\/1"}],"replies":[{"embeddable":true,"href":"https:\/\/www.brennerbasisdemokratie.eu\/index.php?rest_route=%2Fwp%2Fv2%2Fcomments&post=64774"}],"version-history":[{"count":6,"href":"https:\/\/www.brennerbasisdemokratie.eu\/index.php?rest_route=\/wp\/v2\/posts\/64774\/revisions"}],"predecessor-version":[{"id":83851,"href":"https:\/\/www.brennerbasisdemokratie.eu\/index.php?rest_route=\/wp\/v2\/posts\/64774\/revisions\/83851"}],"wp:attachment":[{"href":"https:\/\/www.brennerbasisdemokratie.eu\/index.php?rest_route=%2Fwp%2Fv2%2Fmedia&parent=64774"}],"wp:term":[{"taxonomy":"category","embeddable":true,"href":"https:\/\/www.brennerbasisdemokratie.eu\/index.php?rest_route=%2Fwp%2Fv2%2Fcategories&post=64774"},{"taxonomy":"post_tag","embeddable":true,"href":"https:\/\/www.brennerbasisdemokratie.eu\/index.php?rest_route=%2Fwp%2Fv2%2Ftags&post=64774"}],"curies":[{"name":"wp","href":"https:\/\/api.w.org\/{rel}","templated":true}]}}