{"id":65004,"date":"2021-05-11T22:08:44","date_gmt":"2021-05-11T20:08:44","guid":{"rendered":"https:\/\/www.brennerbasisdemokratie.eu\/?p=65004"},"modified":"2021-05-12T07:41:11","modified_gmt":"2021-05-12T05:41:11","slug":"65004","status":"publish","type":"post","link":"https:\/\/www.brennerbasisdemokratie.eu\/?p=65004","title":{"rendered":"Buonerba ist Pr\u00e4sident von Laborfonds."},"content":{"rendered":"<p>Der neue \u2014 g\u00e4nzlich m\u00e4nnliche \u2014 Verwaltungsrat von <em>Laborfonds<\/em> hat am gestrigen 10. Mai einen Pr\u00e4sidenten und dessen Stellvertreter gew\u00e4hlt: Michele Buonerba und Enzo Bassetti, die ihre \u00c4mter f\u00fcr drei Jahre aus\u00fcben werden.<\/p>\n<p>Buonerba war seit 2009 Generalsekret\u00e4r des SGB. In dieser Zeit hat die staatsweit agierende Gewerkschaft mehrfach <a title=\"ASGB ausgebootet.\" href=\"https:\/\/www.brennerbasisdemokratie.eu\/?p=12044\">versucht<\/a>, die Repr\u00e4sentativit\u00e4t des <em>Autonomen S\u00fcdtiroler Gewerkschaftsbunds<\/em> (<abbr title=\"Autonomer S\u00fcdtiroler Gewerkschaftsbund\">ASGB<\/abbr>) in Frage zu stellen, um ihn ins Abseits zu stellen.<\/p>\n<p>Im Jahr 2017 hatte Buonerba pers\u00f6nlich einen <a title=\"K33: Provokation der Gewerkschaften.\" href=\"https:\/\/www.brennerbasisdemokratie.eu\/?p=33763\">Brief<\/a> der sogenannten konf\u00f6derierten Gewerkschaften an den <em>S\u00fcdtirolkonvent<\/em> mitunterzeichnet, der ob seines antiautonomistischen Inhalts f\u00fcr Aufsehen gesorgt und heftigen <a title=\"K33: ASGB antwortet \u00bbKonf\u00f6derierten\u00ab.\" href=\"https:\/\/www.brennerbasisdemokratie.eu\/?p=33800\">Widerspruch<\/a> geerntet hatte.<\/p>\n<p>Und auch sonst ist der SGB w\u00e4hrend der Amtszeit des nunmehrigen Pr\u00e4sidenten des regionalen Zusatzrentenfonds\u00a0nicht durch Autonomiefreundlichkeit aufgefallen.<\/p>\n<p><strong><span style=\"font-family: Helvetica, Arial, sans-serif; text-transform: uppercase;\">C\u00ebla enghe:<\/span><\/strong> <a href=\"https:\/\/www.brennerbasisdemokratie.eu\/?p=45150\" title=\"CISL FP gegen Autonomieausbau.\"><code>01<\/code><\/a> <a href=\"https:\/\/www.brennerbasisdemokratie.eu\/?p=25739\" title=\"Kein Landesgesundheitsfonds?\"><code>02<\/code><\/a> <a href=\"https:\/\/www.brennerbasisdemokratie.eu\/?p=20026\" title=\"Mehrsprachigkeit gest\u00e4rkt.\"><code>03<\/code><\/a><\/p>","protected":false},"excerpt":{"rendered":"<p>Der neue \u2014 g\u00e4nzlich m\u00e4nnliche \u2014 Verwaltungsrat von Laborfonds hat am gestrigen 10. Mai einen Pr\u00e4sidenten und dessen Stellvertreter gew\u00e4hlt: Michele Buonerba und Enzo Bassetti, die ihre \u00c4mter f\u00fcr drei Jahre aus\u00fcben werden. Buonerba war seit 2009 Generalsekret\u00e4r des SGB. In dieser Zeit hat die staatsweit agierende Gewerkschaft mehrfach versucht, die Repr\u00e4sentativit\u00e4t des Autonomen S\u00fcdtiroler [&hellip;]<\/p>","protected":false},"author":1,"featured_media":0,"comment_status":"open","ping_status":"open","sticky":false,"template":"","format":"standard","meta":{"_crdt_document":"","ngg_post_thumbnail":0,"_jetpack_memberships_contains_paid_content":false,"footnotes":""},"categories":[1],"tags":[],"class_list":["post-65004","post","type-post","status-publish","format-standard","hentry","category-allgemein","entity-asgb","entity-sgb-cisl","issue-suedtirolkonvent","location-sudtirolo","location-trentino","language-deutsch","topic-arbeit","topic-gewerkschaften","topic-soziales","topic-wirtschaft"],"jetpack_featured_media_url":"","jetpack_sharing_enabled":true,"_links":{"self":[{"href":"https:\/\/www.brennerbasisdemokratie.eu\/index.php?rest_route=\/wp\/v2\/posts\/65004","targetHints":{"allow":["GET"]}}],"collection":[{"href":"https:\/\/www.brennerbasisdemokratie.eu\/index.php?rest_route=\/wp\/v2\/posts"}],"about":[{"href":"https:\/\/www.brennerbasisdemokratie.eu\/index.php?rest_route=\/wp\/v2\/types\/post"}],"author":[{"embeddable":true,"href":"https:\/\/www.brennerbasisdemokratie.eu\/index.php?rest_route=\/wp\/v2\/users\/1"}],"replies":[{"embeddable":true,"href":"https:\/\/www.brennerbasisdemokratie.eu\/index.php?rest_route=%2Fwp%2Fv2%2Fcomments&post=65004"}],"version-history":[{"count":5,"href":"https:\/\/www.brennerbasisdemokratie.eu\/index.php?rest_route=\/wp\/v2\/posts\/65004\/revisions"}],"predecessor-version":[{"id":65010,"href":"https:\/\/www.brennerbasisdemokratie.eu\/index.php?rest_route=\/wp\/v2\/posts\/65004\/revisions\/65010"}],"wp:attachment":[{"href":"https:\/\/www.brennerbasisdemokratie.eu\/index.php?rest_route=%2Fwp%2Fv2%2Fmedia&parent=65004"}],"wp:term":[{"taxonomy":"category","embeddable":true,"href":"https:\/\/www.brennerbasisdemokratie.eu\/index.php?rest_route=%2Fwp%2Fv2%2Fcategories&post=65004"},{"taxonomy":"post_tag","embeddable":true,"href":"https:\/\/www.brennerbasisdemokratie.eu\/index.php?rest_route=%2Fwp%2Fv2%2Ftags&post=65004"}],"curies":[{"name":"wp","href":"https:\/\/api.w.org\/{rel}","templated":true}]}}