{"id":6504,"date":"2010-10-29T15:19:22","date_gmt":"2010-10-29T13:19:22","guid":{"rendered":"http:\/\/www.brennerbasisdemokratie.eu\/?p=6504"},"modified":"2021-10-23T23:18:18","modified_gmt":"2021-10-23T21:18:18","slug":"morgentelefon-joachim-koppenberg","status":"publish","type":"post","link":"https:\/\/www.brennerbasisdemokratie.eu\/?p=6504","title":{"rendered":"Gesundheitsreform und Kleinkrankenh\u00e4user."},"content":{"rendered":"<p>Im heutigen Morgentelefon des <em>Rai Sender Bozen<\/em> lieferte Joachim Koppenberg, Direktor des Krankenhauses Scuol (Graub\u00fcnden\/Schweiz), interessante und schl\u00fcssige Argumente f\u00fcr die Beibehaltung kleiner Krankenh\u00e4user, die im Falle S\u00fcdtirols sogar wesentlich gr\u00f6\u00dfer sind, als so manches Spital in der effizienten Eidgenossenschaft:<\/p>\n<p>Im Originalton: <a href=\"http:\/\/brennerbasisdemokratie.eu\/wp-content\/uploads\/prev\/101029_morgentelefon.mov\">Morgentelefon 29.10.2010<\/a><\/p>\n<p>Die Zentralisierungsanspr\u00fcche gr\u00f6\u00dferer Spit\u00e4ler (wie in unserem Fall jenes in Bozen) \u00bbentlarvt\u00ab er als eigenn\u00fctzigen Reflex, der weniger von qualitativen und wirtschaftlichen, als von opportunistischen \u00dcberlegungen geleitet ist.<\/p>\n<p style=\"text-align: center;\"><hr class=\"dotted-hr\" style=\"height: 4px; width: 100%; border: none; margin-top: 0em; margin-bottom: 0em; background-color: black;\"\/><\/p>\n<p>Derweil regt sich in Teilen der S\u00fcdtiroler \u00c4rztinnenschaft <a title=\"TAZ: Der Brief der 84.\" href=\"http:\/\/www.social.bz.it\/pressarchive.php?art_id=67437\" target=\"_blank\" rel=\"noopener noreferrer\">offener Widerstand<\/a> gegen die eigene Gewerkschaft <em>Anaao,<\/em> welche in PDL-N\u00e4he anzusiedeln ist und offen f\u00fcr eine drastische Beschneidung der kleineren Bezirkskrankenh\u00e4user bis hin zur Schlie\u00dfung eintritt. Die <em>Anaao<\/em> ist bislang auch in S\u00fcdtirol die f\u00fchrende Fachgewerkschaft. Vor allem \u00c4rztinnen der Kleinspit\u00e4ler f\u00fchlen sich von der Gewerkschaft jetzt nicht mehr vertreten und rufen die Kolleginnenschaft zum Austritt auf. Vielleicht ist das der Startschuss zu einer eigenen S\u00fcdtiroler Fachgewerkschaft, die das Wohl des einheimischen Gesundheitswesens und nicht die Eigeninteressen der Zentralisten im Auge hat.<\/p>\n<p><strong><span style=\"font-family: Helvetica, Arial, sans-serif; text-transform: uppercase;\">C\u00ebla enghe:<\/span><\/strong> <a title=\"Quale modernit\u00e0\u00a0?\" href=\"http:\/\/www.brennerbasisdemokratie.eu\/?p=6422\" target=\"_self\" rel=\"noopener noreferrer\"><code>01<\/code><\/a> <a title=\"Abbau von Krankenbetten.\" href=\"https:\/\/www.brennerbasisdemokratie.eu\/?p=12068\"><span style=\"color: #ff8c00\"><code>02<\/code><\/span><\/a><\/p>","protected":false},"excerpt":{"rendered":"<p>Im heutigen Morgentelefon des Rai Sender Bozen lieferte Joachim Koppenberg, Direktor des Krankenhauses Scuol (Graub\u00fcnden\/Schweiz), interessante und schl\u00fcssige Argumente f\u00fcr die Beibehaltung kleiner Krankenh\u00e4user, die im Falle S\u00fcdtirols sogar wesentlich gr\u00f6\u00dfer sind, als so manches Spital in der effizienten Eidgenossenschaft: Im Originalton: Morgentelefon 29.10.2010 Die Zentralisierungsanspr\u00fcche gr\u00f6\u00dferer Spit\u00e4ler (wie in unserem Fall jenes in Bozen) [&hellip;]<\/p>","protected":false},"author":1,"featured_media":0,"comment_status":"open","ping_status":"open","sticky":false,"template":"","format":"standard","meta":{"_crdt_document":"","ngg_post_thumbnail":0,"_jetpack_memberships_contains_paid_content":false,"footnotes":""},"categories":[1],"tags":[],"class_list":["post-6504","post","type-post","status-publish","format-standard","hentry","category-allgemein","entity-anaao","entity-pdl","location-grischun","location-sudtirolo","location-svizra","language-deutsch","medium-rai","topic-gesundheit","topic-gewerkschaften","topic-medien","topic-politik","topic-servicepublic","topic-zentralismus"],"jetpack_featured_media_url":"","jetpack_sharing_enabled":true,"_links":{"self":[{"href":"https:\/\/www.brennerbasisdemokratie.eu\/index.php?rest_route=\/wp\/v2\/posts\/6504","targetHints":{"allow":["GET"]}}],"collection":[{"href":"https:\/\/www.brennerbasisdemokratie.eu\/index.php?rest_route=\/wp\/v2\/posts"}],"about":[{"href":"https:\/\/www.brennerbasisdemokratie.eu\/index.php?rest_route=\/wp\/v2\/types\/post"}],"author":[{"embeddable":true,"href":"https:\/\/www.brennerbasisdemokratie.eu\/index.php?rest_route=\/wp\/v2\/users\/1"}],"replies":[{"embeddable":true,"href":"https:\/\/www.brennerbasisdemokratie.eu\/index.php?rest_route=%2Fwp%2Fv2%2Fcomments&post=6504"}],"version-history":[{"count":22,"href":"https:\/\/www.brennerbasisdemokratie.eu\/index.php?rest_route=\/wp\/v2\/posts\/6504\/revisions"}],"predecessor-version":[{"id":68568,"href":"https:\/\/www.brennerbasisdemokratie.eu\/index.php?rest_route=\/wp\/v2\/posts\/6504\/revisions\/68568"}],"wp:attachment":[{"href":"https:\/\/www.brennerbasisdemokratie.eu\/index.php?rest_route=%2Fwp%2Fv2%2Fmedia&parent=6504"}],"wp:term":[{"taxonomy":"category","embeddable":true,"href":"https:\/\/www.brennerbasisdemokratie.eu\/index.php?rest_route=%2Fwp%2Fv2%2Fcategories&post=6504"},{"taxonomy":"post_tag","embeddable":true,"href":"https:\/\/www.brennerbasisdemokratie.eu\/index.php?rest_route=%2Fwp%2Fv2%2Ftags&post=6504"}],"curies":[{"name":"wp","href":"https:\/\/api.w.org\/{rel}","templated":true}]}}