{"id":65699,"date":"2021-05-27T22:28:57","date_gmt":"2021-05-27T20:28:57","guid":{"rendered":"https:\/\/www.brennerbasisdemokratie.eu\/?p=65699"},"modified":"2021-05-27T22:43:36","modified_gmt":"2021-05-27T20:43:36","slug":"ein-bisschen-verappelt","status":"publish","type":"post","link":"https:\/\/www.brennerbasisdemokratie.eu\/?p=65699","title":{"rendered":"Ein bisschen ver\u00e4ppelt."},"content":{"rendered":"<!-- Snippets by WebberZone Snippetz --><div class=\"ata_snippets\"><hr style=\"height: 20px; border: none; margin-top: 0em; background-color: darkred;\"\/><\/div><p><em>von Zeno Oberkofler<\/em><\/p>\n<p>Ich habe mich als Jugendlicher ziemlich verarscht gef\u00fchlt&#8230;<\/p>\n<p>Die Jugend hat besonders unter dieser Pandemie gelitten. Keine sozialen Kontakte, fast immer nur Homeschooling, kein Ausgehen, keine Klassenfahrten, keine Maturab\u00e4lle, kein Kribbeln bei der ersten Vorlesung an der Uni, keine pr\u00e4genden Erfahrungen mit anderen Menschen und noch viel mehr hat gefehlt&#8230;<\/p>\n<p>Wir waren stets solidarisch mit unseren Mitmenschen, haben aufgepasst, hatten Angst unsere Eltern oder Gro\u00dfeltern anzustecken. Wir konnten die Impfpriorisierung nach Risikogruppen gut nachvollziehen und haben diese respektiert.<\/p>\n<p>Trotzdem konnten es viele Jugendliche kaum erwarten geimpft zu werden, um endlich wieder mehr machen zu k\u00f6nnen, z.B. die verlorenen Erlebnisse nachzuholen.<\/p>\n<p>Darum war die Aktion der letzten Tage, \u00bbDiskoimpfen\u00ab mit <em>Astrazeneca<\/em> f\u00fcr alle \u00fcber 18, ein riesen Erfolg.<\/p>\n<p>Ich hab mich auch impfen lassen, obwohl die EMA (Europ\u00e4ische Artzneimittelbeh\u00f6rde) empfielt, junge Menschen mit <em>Biontec-Pfizer<\/em> oder <em>Moderna<\/em> zu impfen.<\/p>\n<p>\u00bbEine einmalige Chance um endlich wieder etwas mehr Freiheit zu erlangen. Endlich denkt man auch an die jungen Menschen! Danke f\u00fcr diese Gelegenheit! Was bin ich nur f\u00fcr ein Gl\u00fcckspilz, dass ich einen Termin bekommen habe!\u00ab, habe ich mir gedacht.<\/p>\n<p>Heute scrolle ich auf meinem Handy rum und sehe die Nachricht, dass ab morgen alle \u00fcber 18 j\u00e4hrigen geimpft werden k\u00f6nnen. Super cool!<\/p>\n<p>Aber musste diese ganze Astradance-Aktion dann wirklich sein, wenn nur zwei Tage sp\u00e4ter die Impfgruppe 18+ ge\u00f6ffnet wird?<\/p>\n<p>Mir scheint nun, dass diese ganze Aktion von vorne herein nur geplant war, um die <em>Astrazeneca<\/em>-Dosen aufzubrauchen, die niemand wollte. Was mich am meisten st\u00f6rt ist, dass man sich dabei gedacht hat: Wer ist daf\u00fcr besser geeignet als die \u00bbdummen\u00ab jungen Menschen, die sich nach einem normalen Leben sehnen, die der Wissenschaft vertrauen und die solidarisch sein wollen&#8230; Mit der Hoffnung und den Erwartungen der jungen Menschen zu spielen finde ich echt nicht in Ordnung.<\/p>\n<p>Ich habe mich selten so verarscht gef\u00fchlt und zudem auch noch ziemlich dumm. Ich glaube, vielen Jugendlichen geht es genauso und ich finde es wichtig, dass das nicht einfach so stehen bleibt. H\u00e4tte man von Anfang an klar und transparent kommuniziert, worum es geht, w\u00e4re die Aktion ja auch v\u00f6llig ok gewesen. So wie es leider gelaufen ist, finde ich das schon ziemlich daneben.<\/p>\n<p>Ich bin nat\u00fcrlich super froh, dass sich jetzt alle \u00fcber 18-J\u00e4hrigen impfen k\u00f6nnen und g\u00f6nne es allen. Jeder Impfstoff, der die Pr\u00fcfung der EMA bestanden hat, ist ein super Vakzin. Wir k\u00f6nnen uns von dieser Hinsicht her echt gl\u00fccklich sch\u00e4tzen. Also lasst euch bitte unbedingt impfen!<\/p>\n<!-- Snippets by WebberZone Snippetz --><div class=\"ata_snippets\"><hr style=\"height: 10px;border: none;margin-top: 0px;background-color: darkred\" \/>\r\n\r\n<div style=\"background-color: none;padding: 0px;font-size: 14px;font-family: Helvetica,Arial;margin: 10px 0px 0px 0px\"><span style=\"color: darkred\"><strong><small>Autor:innen- und Gastbeitr\u00e4ge widerspiegeln nicht notwendigerweise die Meinung oder die Position von BBD, so wie die jeweiligen Verfasser:innen nicht notwendigerweise die Ziele von BBD unterst\u00fctzen.<\/small><\/strong><small>\u00b7 I contributi esterni non necessariamente riflettono le opinioni o la posizione di BBD, come a loro volta le autrici\/gli autori non necessariamente condividono gli obiettivi di BBD. \u2014 <a href=\"http:\/\/www.brennerbasisdemokratie.eu\/?page_id=11356#copyleft\"><strong>\u00a9<\/strong><\/a><\/small><\/span><\/div><\/div>","protected":false},"excerpt":{"rendered":"<p>von Zeno Oberkofler Ich habe mich als Jugendlicher ziemlich verarscht gef\u00fchlt&#8230; Die Jugend hat besonders unter dieser Pandemie gelitten. Keine sozialen Kontakte, fast immer nur Homeschooling, kein Ausgehen, keine Klassenfahrten, keine Maturab\u00e4lle, kein Kribbeln bei der ersten Vorlesung an der Uni, keine pr\u00e4genden Erfahrungen mit anderen Menschen und noch viel mehr hat gefehlt&#8230; Wir waren [&hellip;]<\/p>","protected":false},"author":10,"featured_media":0,"comment_status":"open","ping_status":"open","sticky":false,"template":"","format":"standard","meta":{"_crdt_document":"","ngg_post_thumbnail":0,"_jetpack_memberships_contains_paid_content":false,"footnotes":""},"categories":[14],"tags":[],"class_list":["post-65699","post","type-post","status-publish","format-standard","hentry","category-autorinnen","entity-sabes","issue-coronapandemie","location-sudtirolo","language-deutsch","topic-gesundheit","topic-solidariete","topic-soziales"],"jetpack_featured_media_url":"","jetpack_sharing_enabled":true,"_links":{"self":[{"href":"https:\/\/www.brennerbasisdemokratie.eu\/index.php?rest_route=\/wp\/v2\/posts\/65699","targetHints":{"allow":["GET"]}}],"collection":[{"href":"https:\/\/www.brennerbasisdemokratie.eu\/index.php?rest_route=\/wp\/v2\/posts"}],"about":[{"href":"https:\/\/www.brennerbasisdemokratie.eu\/index.php?rest_route=\/wp\/v2\/types\/post"}],"author":[{"embeddable":true,"href":"https:\/\/www.brennerbasisdemokratie.eu\/index.php?rest_route=\/wp\/v2\/users\/10"}],"replies":[{"embeddable":true,"href":"https:\/\/www.brennerbasisdemokratie.eu\/index.php?rest_route=%2Fwp%2Fv2%2Fcomments&post=65699"}],"version-history":[{"count":1,"href":"https:\/\/www.brennerbasisdemokratie.eu\/index.php?rest_route=\/wp\/v2\/posts\/65699\/revisions"}],"predecessor-version":[{"id":65700,"href":"https:\/\/www.brennerbasisdemokratie.eu\/index.php?rest_route=\/wp\/v2\/posts\/65699\/revisions\/65700"}],"wp:attachment":[{"href":"https:\/\/www.brennerbasisdemokratie.eu\/index.php?rest_route=%2Fwp%2Fv2%2Fmedia&parent=65699"}],"wp:term":[{"taxonomy":"category","embeddable":true,"href":"https:\/\/www.brennerbasisdemokratie.eu\/index.php?rest_route=%2Fwp%2Fv2%2Fcategories&post=65699"},{"taxonomy":"post_tag","embeddable":true,"href":"https:\/\/www.brennerbasisdemokratie.eu\/index.php?rest_route=%2Fwp%2Fv2%2Ftags&post=65699"}],"curies":[{"name":"wp","href":"https:\/\/api.w.org\/{rel}","templated":true}]}}