{"id":65710,"date":"2021-05-30T12:07:01","date_gmt":"2021-05-30T10:07:01","guid":{"rendered":"https:\/\/www.brennerbasisdemokratie.eu\/?p=65710"},"modified":"2021-05-30T15:59:00","modified_gmt":"2021-05-30T13:59:00","slug":"sparen-am-falschen-ende","status":"publish","type":"post","link":"https:\/\/www.brennerbasisdemokratie.eu\/?p=65710","title":{"rendered":"Sparen am falschen Ende."},"content":{"rendered":"<p>Jetzt wei\u00df ich es ganz sicher: das mit den <a title=\"Sparen an der Bildung.\" href=\"https:\/\/www.brennerbasisdemokratie.eu\/?p=64785\">Einsparungen im Bildungsbereich<\/a> kann leider doch kein Zufall, kein Versehen gewesen sein. Sonst w\u00fcrde die Landesregierung jetzt nicht auch noch \u2014 im Laufe einer Pandemie \u2014 an Sozialorganisationen wie jenen f\u00fcr die Alzheimer- und Parkinsonkranken sparen. Das passt perfekt zusammen und ist genauso unerh\u00f6rt.<\/p>\n<p>Es geht jeweils um wenige tausend Euro, die f\u00fcr die betroffenen Vereine einen enormen Unterschied machen, die aber im Landeshaushalt kaum auffallen werden. Vermutlich h\u00e4tte man die Beitr\u00e4ge sogar verdoppeln k\u00f6nnen, ohne die Bilanz zu gef\u00e4hrden.<\/p>\n<p>Gleichzeitig werden den \u00fcblichen Verd\u00e4chtigen weiterhin Millionen in den Allerwertesten gepumpt. Klar, auch sie haben es nach den Lockdowns n\u00f6tiger als zuvor, doch es steht in keinem vern\u00fcnftigen Verh\u00e4ltnis.<\/p>\n<p>Umso verantwortungs- und stilloser: die K\u00fcrzungen kamen f\u00fcr die ohne Gewinnabsicht arbeitenden Organisationen \u2014 wie sie \u00fcbereinstimmend beklagen \u2014 sogar unbesprochen und unangek\u00fcndigt.<\/p>\n<p>Vielleicht war schon was anderes kein Zufall: die Koalition der <abbr title=\"S\u00fcdtiroler Volkspartei\">SVP<\/abbr> mit der menschenfeindlichen <em>Lega.<\/em> Die jetzigen Ma\u00dfnahmen, diese best\u00fcrzende Priorit\u00e4tensetzung, passen jedenfalls genau ins Bild.<\/p>\n<p>Es macht mich sprachlos, traurig\u2026 und w\u00fctend.<\/p>","protected":false},"excerpt":{"rendered":"<p>Jetzt wei\u00df ich es ganz sicher: das mit den Einsparungen im Bildungsbereich kann leider doch kein Zufall, kein Versehen gewesen sein. Sonst w\u00fcrde die Landesregierung jetzt nicht auch noch \u2014 im Laufe einer Pandemie \u2014 an Sozialorganisationen wie jenen f\u00fcr die Alzheimer- und Parkinsonkranken sparen. Das passt perfekt zusammen und ist genauso unerh\u00f6rt. Es geht [&hellip;]<\/p>","protected":false},"author":1,"featured_media":0,"comment_status":"open","ping_status":"open","sticky":false,"template":"","format":"standard","meta":{"_crdt_document":"","ngg_post_thumbnail":0,"_jetpack_memberships_contains_paid_content":false,"footnotes":""},"categories":[1],"tags":[],"class_list":["post-65710","post","type-post","status-publish","format-standard","hentry","category-allgemein","entity-landesregierung","entity-lega","entity-svp","issue-coronapandemie","location-sudtirolo","language-deutsch","topic-bildung","topic-gesundheit","topic-politik","topic-soziales","topic-wirtschaft"],"jetpack_featured_media_url":"","jetpack_sharing_enabled":true,"_links":{"self":[{"href":"https:\/\/www.brennerbasisdemokratie.eu\/index.php?rest_route=\/wp\/v2\/posts\/65710","targetHints":{"allow":["GET"]}}],"collection":[{"href":"https:\/\/www.brennerbasisdemokratie.eu\/index.php?rest_route=\/wp\/v2\/posts"}],"about":[{"href":"https:\/\/www.brennerbasisdemokratie.eu\/index.php?rest_route=\/wp\/v2\/types\/post"}],"author":[{"embeddable":true,"href":"https:\/\/www.brennerbasisdemokratie.eu\/index.php?rest_route=\/wp\/v2\/users\/1"}],"replies":[{"embeddable":true,"href":"https:\/\/www.brennerbasisdemokratie.eu\/index.php?rest_route=%2Fwp%2Fv2%2Fcomments&post=65710"}],"version-history":[{"count":3,"href":"https:\/\/www.brennerbasisdemokratie.eu\/index.php?rest_route=\/wp\/v2\/posts\/65710\/revisions"}],"predecessor-version":[{"id":65714,"href":"https:\/\/www.brennerbasisdemokratie.eu\/index.php?rest_route=\/wp\/v2\/posts\/65710\/revisions\/65714"}],"wp:attachment":[{"href":"https:\/\/www.brennerbasisdemokratie.eu\/index.php?rest_route=%2Fwp%2Fv2%2Fmedia&parent=65710"}],"wp:term":[{"taxonomy":"category","embeddable":true,"href":"https:\/\/www.brennerbasisdemokratie.eu\/index.php?rest_route=%2Fwp%2Fv2%2Fcategories&post=65710"},{"taxonomy":"post_tag","embeddable":true,"href":"https:\/\/www.brennerbasisdemokratie.eu\/index.php?rest_route=%2Fwp%2Fv2%2Ftags&post=65710"}],"curies":[{"name":"wp","href":"https:\/\/api.w.org\/{rel}","templated":true}]}}