{"id":66062,"date":"2021-06-03T21:58:58","date_gmt":"2021-06-03T19:58:58","guid":{"rendered":"https:\/\/www.brennerbasisdemokratie.eu\/?p=66062"},"modified":"2025-09-11T18:41:39","modified_gmt":"2025-09-11T16:41:39","slug":"majoritaren-druck-erhohen","status":"publish","type":"post","link":"https:\/\/www.brennerbasisdemokratie.eu\/?p=66062","title":{"rendered":"Majorit\u00e4ren Druck erh\u00f6hen."},"content":{"rendered":"<blockquote><p>Dass westliche Gesellschaften gef\u00e4hrlich &#8220;polarisiert&#8221; seien, geh\u00f6rt zu den beliebtesten Kassandrarufen unserer Zeit. Die Warnung lautet: Mit der gesellschaftlichen Spaltung drohe der Demokratie der Untergang. Die Politikwissenschaftler Armin Sch\u00e4fer und Michael Z\u00fcrn sehen das anders und fragen sich, wie zuallererst der Anschein entsteht, kontroverse Positionen zu Migration, Globalisierung oder der europ\u00e4ischen Integration gef\u00e4hrdeten zwangsl\u00e4ufig den Bestand der repr\u00e4sentativen Demokratie \u2013 jener Staatsform also, die einst gerade dazu eingerichtet wurde, Konflikte innerhalb der B\u00fcrgerschaft politisch auszutragen und dadurch zu befrieden.<\/p><\/blockquote>\n<blockquote><p>[Es gebe] eine &#8220;Verlagerung von Entscheidungskompetenzen hin zu nichtmajorit\u00e4ren Institutionen&#8221;. Damit sind technokratische Organisationen wie die Europ\u00e4ische Zentralbank oder der Europ\u00e4ische Gerichtshof gemeint, die immer folgenreichere Entscheidungen f\u00e4llen, w\u00e4hrend Verfassungen (man denke nur an die Schuldenbremse) die Mauer um den Mehrheitswillen stetig enger ziehen.<\/p><\/blockquote>\n<blockquote><p>[Wichtig sei es,] jeder &#8220;technokratischen Verlockung&#8221; zu widerstehen und die Artikulation des Mehrheitswillens nicht weiter zu beschneiden. Es sei sogar erforderlich, den majorit\u00e4ren Druck auf nichtmajorit\u00e4re Organisationen zu erh\u00f6hen.<\/p><\/blockquote>\n<p><em>aus einer Rezension von Oliver Weber in der<\/em> Zeit <em>21\/2021: Armin Sch\u00e4fer, Michael Z\u00fcrn,<\/em> Die demokratische Regression; Suhrkamp, <em>Berlin 2021<\/em><\/p>\n<p><strong><span style=\"font-family: Helvetica, Arial, sans-serif; text-transform: uppercase;\">C\u00ebla enghe:<\/span><\/strong> <a title=\"Alles Spalter.\" href=\"https:\/\/www.brennerbasisdemokratie.eu\/?p=34545\"><code>01<\/code><\/a> <a title=\"Divisiveness.\" href=\"https:\/\/www.brennerbasisdemokratie.eu\/?p=20700\"><code>02<\/code><\/a> <a title=\"Verfassung laut LH \u00bbundemokratisch\u00ab.\" href=\"https:\/\/www.brennerbasisdemokratie.eu\/?p=22247\"><code>03<\/code><\/a> <a title=\"Die Verfassungsbrecher.\" href=\"https:\/\/www.brennerbasisdemokratie.eu\/?p=36203\"><code>04<\/code><\/a> <a title=\"H\u00e4ssliches Verbot.\" href=\"https:\/\/www.brennerbasisdemokratie.eu\/?p=21039\"><code>05<\/code><\/a> <span style=\"font-family: Helvetica, Arial, sans-serif; font-weight: normal;\">||<\/span> <a title=\"Unbequeme Forderungen in einer reifen Demokratie.\" href=\"https:\/\/www.brennerbasisdemokratie.eu\/?p=80552\" rel=\"\"><span style=\"color: #ff8c00\"><code>01<\/code><\/span><\/a> <a title=\"Un fenomeno illegittimo che diventa legittimo.\" href=\"https:\/\/www.brennerbasisdemokratie.eu\/?p=94459\"><span style=\"color: #ff8c00\"><code>02<\/code><\/span><\/a><\/p>","protected":false},"excerpt":{"rendered":"<p>Dass westliche Gesellschaften gef\u00e4hrlich &#8220;polarisiert&#8221; seien, geh\u00f6rt zu den beliebtesten Kassandrarufen unserer Zeit. Die Warnung lautet: Mit der gesellschaftlichen Spaltung drohe der Demokratie der Untergang. Die Politikwissenschaftler Armin Sch\u00e4fer und Michael Z\u00fcrn sehen das anders und fragen sich, wie zuallererst der Anschein entsteht, kontroverse Positionen zu Migration, Globalisierung oder der europ\u00e4ischen Integration gef\u00e4hrdeten zwangsl\u00e4ufig den [&hellip;]<\/p>","protected":false},"author":1,"featured_media":0,"comment_status":"open","ping_status":"open","sticky":false,"template":"","format":"standard","meta":{"_crdt_document":"","ngg_post_thumbnail":0,"_jetpack_memberships_contains_paid_content":false,"footnotes":""},"categories":[1],"tags":[],"class_list":["post-66062","post","type-post","status-publish","format-standard","hentry","category-allgemein","entity-eugh","issue-quotation","location-europa","language-deutsch","medium-die-zeit","topic-democrazia","topic-politik","topic-publikationen"],"jetpack_featured_media_url":"","jetpack_sharing_enabled":true,"_links":{"self":[{"href":"https:\/\/www.brennerbasisdemokratie.eu\/index.php?rest_route=\/wp\/v2\/posts\/66062","targetHints":{"allow":["GET"]}}],"collection":[{"href":"https:\/\/www.brennerbasisdemokratie.eu\/index.php?rest_route=\/wp\/v2\/posts"}],"about":[{"href":"https:\/\/www.brennerbasisdemokratie.eu\/index.php?rest_route=\/wp\/v2\/types\/post"}],"author":[{"embeddable":true,"href":"https:\/\/www.brennerbasisdemokratie.eu\/index.php?rest_route=\/wp\/v2\/users\/1"}],"replies":[{"embeddable":true,"href":"https:\/\/www.brennerbasisdemokratie.eu\/index.php?rest_route=%2Fwp%2Fv2%2Fcomments&post=66062"}],"version-history":[{"count":7,"href":"https:\/\/www.brennerbasisdemokratie.eu\/index.php?rest_route=\/wp\/v2\/posts\/66062\/revisions"}],"predecessor-version":[{"id":94477,"href":"https:\/\/www.brennerbasisdemokratie.eu\/index.php?rest_route=\/wp\/v2\/posts\/66062\/revisions\/94477"}],"wp:attachment":[{"href":"https:\/\/www.brennerbasisdemokratie.eu\/index.php?rest_route=%2Fwp%2Fv2%2Fmedia&parent=66062"}],"wp:term":[{"taxonomy":"category","embeddable":true,"href":"https:\/\/www.brennerbasisdemokratie.eu\/index.php?rest_route=%2Fwp%2Fv2%2Fcategories&post=66062"},{"taxonomy":"post_tag","embeddable":true,"href":"https:\/\/www.brennerbasisdemokratie.eu\/index.php?rest_route=%2Fwp%2Fv2%2Ftags&post=66062"}],"curies":[{"name":"wp","href":"https:\/\/api.w.org\/{rel}","templated":true}]}}