{"id":66080,"date":"2021-06-05T23:11:30","date_gmt":"2021-06-05T21:11:30","guid":{"rendered":"https:\/\/www.brennerbasisdemokratie.eu\/?p=66080"},"modified":"2023-08-22T20:11:22","modified_gmt":"2023-08-22T18:11:22","slug":"deutschland-anerkennt-genozid-in-namibia","status":"publish","type":"post","link":"https:\/\/www.brennerbasisdemokratie.eu\/?p=66080","title":{"rendered":"Deutschland anerkennt Genozid in Namibia."},"content":{"rendered":"<p>Nach jahrelangen Verhandlungen haben sich Namibia und Deutschland \u00fcber einen gemeinsamen Umgang mit der Kolonialgeschichte im ehemaligen Deutsch-S\u00fcdwestafrika geeinigt. Dabei wird die Bundesrepublik die brutale Niederschlagung des Volksaufstands von Nama und Herero als Genozid anerkennen. Bundespr\u00e4sident Frank-Walter Steinmeier soll schon bald in das Land reisen und sich im namibischen Parlament f\u00fcr den V\u00f6lkermord entschuldigen. Au\u00dferdem werden in einem Zeitraum von 30 Jahren rund 1,1 Milliarden Euro an Hilfsgeldern flie\u00dfen.<\/p>\n<p>Allerdings waren die betroffenen Volksgruppen und St\u00e4mme nur mangelhaft an den Verhandlungen beteiligt. Einige Vertreterinnen kritisieren das Abkommen und halten die Geldsumme f\u00fcr viel zu niedrig. Sie \u00fcberschreitet kaum das Niveau der bisherigen deutschen Entwicklungshilfe. Nicht zuletzt wird bem\u00e4ngelt, dass die Folgen der Kolonialisierung noch bis heute massiv sp\u00fcrbar sind: so sei etwa der Grundbesitz in dem sp\u00e4ter unter s\u00fcdafrikanische Kontrolle gestellten Land nach wie vor erheblichenteils in der Hand von Wei\u00dfen.<\/p>\n<p>Nichtsdestoweniger wird die Anerkennung der deutschen Taten als Genozid fast einstimmig als wichtiger Schritt in die richtige Richtung gesehen. Die deutsche Seite versichert zudem, dass das nun geschlossene Abkommen nicht als Schlussstrich betrachtet werden wird.<\/p>\n<p><strong><span style=\"font-family: Helvetica, Arial, sans-serif; text-transform: uppercase;\">C\u00ebla enghe:<\/span><\/strong> <a title=\"Colonie, negazionismo di stato.\" href=\"https:\/\/www.brennerbasisdemokratie.eu\/?p=49882\"><code>01<\/code><\/a> <a title=\"Italien er\u00f6ffnet Kolonialmuseum wieder.\" href=\"https:\/\/www.brennerbasisdemokratie.eu\/?p=61528\"><code>02<\/code><\/a> <a title=\"Frank-Walter Steinmeiers Lektion.\" href=\"https:\/\/www.brennerbasisdemokratie.eu\/?p=19764\"><code>03<\/code><\/a> <a title=\"El Alamein und Castel Benito.\" href=\"https:\/\/www.brennerbasisdemokratie.eu\/?p=43780\"><code>04<\/code><\/a> <a title=\"S\u00fcdtirol ist nicht\u2026 Hawai\u2019i.\" href=\"https:\/\/www.brennerbasisdemokratie.eu\/?p=29317\"><code>05<\/code><\/a> <a title=\"Frankreich gibt afrikanischen L\u00e4ndern Kunstobjekte zur\u00fcck.\" href=\"https:\/\/www.brennerbasisdemokratie.eu\/?p=62639\"><code>06<\/code><\/a> <a title=\"Postcolonial Italy \u2013 Mapping Colonial Heritage.\" href=\"https:\/\/www.brennerbasisdemokratie.eu\/?p=58321\"><code>07<\/code><\/a> <span style=\"font-family: Helvetica, Arial, sans-serif; font-weight: normal;\">||<\/span> <a title=\"Kolonialismus ist ein Verbrechen.\" href=\"https:\/\/www.brennerbasisdemokratie.eu\/?p=67035\"><span style=\"color: #ff8c00\"><code>01<\/code><\/span><\/a> <a title=\"Familie eines ehemaligen britischen Regierungschefs entschuldigt sich f\u00fcr Sklaverei.\" href=\"https:\/\/www.brennerbasisdemokratie.eu\/?p=80271\" rel=\"\"><span style=\"color: #ff8c00\"><code>02<\/code><\/span><\/a><\/p>","protected":false},"excerpt":{"rendered":"<p>Nach jahrelangen Verhandlungen haben sich Namibia und Deutschland \u00fcber einen gemeinsamen Umgang mit der Kolonialgeschichte im ehemaligen Deutsch-S\u00fcdwestafrika geeinigt. Dabei wird die Bundesrepublik die brutale Niederschlagung des Volksaufstands von Nama und Herero als Genozid anerkennen. Bundespr\u00e4sident Frank-Walter Steinmeier soll schon bald in das Land reisen und sich im namibischen Parlament f\u00fcr den V\u00f6lkermord entschuldigen. Au\u00dferdem [&hellip;]<\/p>","protected":false},"author":1,"featured_media":0,"comment_status":"open","ping_status":"open","sticky":false,"template":"","format":"standard","meta":{"_crdt_document":"","ngg_post_thumbnail":0,"_jetpack_memberships_contains_paid_content":false,"footnotes":""},"categories":[1],"tags":[],"class_list":["post-66080","post","type-post","status-publish","format-standard","hentry","category-allgemein","issue-geschichtsaufarbeitung","issue-good-news","location-afrika","location-deutschland","language-deutsch","person-frank-walter-steinmeier","topic-colonialismi","topic-geschichte","topic-politik","topic-racism","topic-wirtschaft"],"jetpack_featured_media_url":"","jetpack_sharing_enabled":true,"_links":{"self":[{"href":"https:\/\/www.brennerbasisdemokratie.eu\/index.php?rest_route=\/wp\/v2\/posts\/66080","targetHints":{"allow":["GET"]}}],"collection":[{"href":"https:\/\/www.brennerbasisdemokratie.eu\/index.php?rest_route=\/wp\/v2\/posts"}],"about":[{"href":"https:\/\/www.brennerbasisdemokratie.eu\/index.php?rest_route=\/wp\/v2\/types\/post"}],"author":[{"embeddable":true,"href":"https:\/\/www.brennerbasisdemokratie.eu\/index.php?rest_route=\/wp\/v2\/users\/1"}],"replies":[{"embeddable":true,"href":"https:\/\/www.brennerbasisdemokratie.eu\/index.php?rest_route=%2Fwp%2Fv2%2Fcomments&post=66080"}],"version-history":[{"count":12,"href":"https:\/\/www.brennerbasisdemokratie.eu\/index.php?rest_route=\/wp\/v2\/posts\/66080\/revisions"}],"predecessor-version":[{"id":80276,"href":"https:\/\/www.brennerbasisdemokratie.eu\/index.php?rest_route=\/wp\/v2\/posts\/66080\/revisions\/80276"}],"wp:attachment":[{"href":"https:\/\/www.brennerbasisdemokratie.eu\/index.php?rest_route=%2Fwp%2Fv2%2Fmedia&parent=66080"}],"wp:term":[{"taxonomy":"category","embeddable":true,"href":"https:\/\/www.brennerbasisdemokratie.eu\/index.php?rest_route=%2Fwp%2Fv2%2Fcategories&post=66080"},{"taxonomy":"post_tag","embeddable":true,"href":"https:\/\/www.brennerbasisdemokratie.eu\/index.php?rest_route=%2Fwp%2Fv2%2Ftags&post=66080"}],"curies":[{"name":"wp","href":"https:\/\/api.w.org\/{rel}","templated":true}]}}