{"id":66515,"date":"2021-06-20T22:55:30","date_gmt":"2021-06-20T20:55:30","guid":{"rendered":"https:\/\/www.brennerbasisdemokratie.eu\/?p=66515"},"modified":"2025-09-02T10:18:41","modified_gmt":"2025-09-02T08:18:41","slug":"plurilinguismo-ikea-in-italia-spagna-e-svizzera","status":"publish","type":"post","link":"https:\/\/www.brennerbasisdemokratie.eu\/?p=66515","title":{"rendered":"Plurilinguismo: Ikea in Italia, Spagna e Svizzera."},"content":{"rendered":"<p>Oggi in rete cercavo un determinato prodotto, trovandolo solamente presso <em>Ikea.<\/em> Visto che dal sito austriaco di <em>Ikea<\/em> gli invii sono disponibili solamente verso l&#8217;Austria, come spesso accade mi sono dovuto spostare sul sito dedicato all&#8217;Italia. Che mi accoglie cos\u00ec:<\/p>\n<blockquote><p><img loading=\"lazy\" decoding=\"async\" class=\"aligncenter size-full wp-image-66516\" src=\"https:\/\/www.brennerbasisdemokratie.eu\/wp-content\/uploads\/2021\/06\/ikea-it.jpg\" alt=\"\" width=\"850\" height=\"495\" srcset=\"https:\/\/www.brennerbasisdemokratie.eu\/wp-content\/uploads\/2021\/06\/ikea-it.jpg 850w, https:\/\/www.brennerbasisdemokratie.eu\/wp-content\/uploads\/2021\/06\/ikea-it-768x447.jpg 768w\" sizes=\"auto, (max-width: 850px) 100vw, 850px\" \/><\/p><\/blockquote>\n<p>Sito monolingue senza opzioni per la scelta di un&#8217;altra lingua, nemmeno l&#8217;inglese.<\/p>\n<p>Allora mi sono fatto un giro sui siti <em>Ikea<\/em> di altri paesi e ho scoperto che in molte realt\u00e0 (Lettonia, Marocco, Spagna, Svizzera per fare solo alcuni esempi) il rispetto per le varie comunit\u00e0 linguistiche \u00e8 molto maggiore.<\/p>\n<p>Concretamente, ad esempio, sul sito rivolto alla Spagna, appunto, le lingue proposte sono addirittura cinque:<\/p>\n<blockquote><p><img loading=\"lazy\" decoding=\"async\" class=\"aligncenter size-full wp-image-66517\" src=\"https:\/\/www.brennerbasisdemokratie.eu\/wp-content\/uploads\/2021\/06\/ikea-es.jpg\" alt=\"\" width=\"850\" height=\"568\" srcset=\"https:\/\/www.brennerbasisdemokratie.eu\/wp-content\/uploads\/2021\/06\/ikea-es.jpg 850w, https:\/\/www.brennerbasisdemokratie.eu\/wp-content\/uploads\/2021\/06\/ikea-es-768x513.jpg 768w\" sizes=\"auto, (max-width: 850px) 100vw, 850px\" \/><\/p><\/blockquote>\n<p>Grazie a una politica linguistica seria, a comunit\u00e0 linguistiche forse pi\u00f9 combattive e a un reparto di marketing <em>Ikea<\/em> pi\u00f9 attento rispetto a quello italiano, in Spagna \u00e8 possibile scegliere tra castigliano, catalano, basco (euskara) e galiciano, oltre che all&#8217;inglese.<\/p>\n<p>E il plurilinguismo non si limita al sito internet, ma anche i cataloghi e le riviste di <em>Ikea<\/em> vengono tradotte in varie lingue. Qui vediamo la rivista <em>Ikea Family<\/em> in versione basca:<\/p>\n<blockquote><p><img loading=\"lazy\" decoding=\"async\" class=\"aligncenter size-full wp-image-66518\" src=\"https:\/\/www.brennerbasisdemokratie.eu\/wp-content\/uploads\/2021\/06\/ikea-family-euskara.jpg\" alt=\"\" width=\"850\" height=\"600\" srcset=\"https:\/\/www.brennerbasisdemokratie.eu\/wp-content\/uploads\/2021\/06\/ikea-family-euskara.jpg 850w, https:\/\/www.brennerbasisdemokratie.eu\/wp-content\/uploads\/2021\/06\/ikea-family-euskara-768x542.jpg 768w\" sizes=\"auto, (max-width: 850px) 100vw, 850px\" \/><\/p><\/blockquote>\n<p>Lo stesso discorso vale per la Svizzera, dove il sito di <em>Ikea<\/em> \u00e8 disponibile in tedesco, francese, italiano e inglese. E anche per un paese con circa 360.000 abitanti come l&#8217;Islanda, ovviamente, esiste un apposito sito in islandese.<\/p>\n<p>Insomma, <em>Ikea<\/em> \u2014 come molte altre imprese \u2014 rispetta in maniera impeccabile i diritti delle persone appartenenti a comunit\u00e0 linguistiche minoritarie o comunque di dimensioni ridotte in alcuni paesi, mentre in altre realt\u00e0 (come l&#8217;Italia) li ignora completamente.<\/p>\n<p>Per quanto riguarda il Sudtirolo, parte del problema risiede sicuramente anche nel fatto che l&#8217;autonomia non comprende, se non marginalmente, la tutela dei diritti delle consumatrici. E al contempo n\u00e9 il Governo sudtirolese n\u00e9 ad esempio il <em>Centro tutela consumatrici utenti<\/em> (CTCU) si sono mai occupati in maniera seria della questione.<\/p>\n<p>Con la conseguenza che i diritti linguistici della popolazione di lingua tedesca e ladina sono praticamente inesistenti in un ambito fondamentale come quello dei rapporti con gli attori economici.<\/p>\n<p><strong><span style=\"font-family: Helvetica, Arial, sans-serif; text-transform: uppercase;\">C\u00ebla enghe:<\/span><\/strong> <a title=\"Die Einsprachigkeit von ALDI &amp; Co.\" href=\"https:\/\/www.brennerbasisdemokratie.eu\/?p=42476\"><code>01<\/code><\/a> <a title=\"Zalandos Hinweis.\" href=\"https:\/\/www.brennerbasisdemokratie.eu\/?p=15050\"><code>02<\/code><\/a> <a title=\"Google \u00bbimages\u00ab.\" href=\"https:\/\/www.brennerbasisdemokratie.eu\/?p=111\"><code>03<\/code><\/a> <a title=\"(Tats\u00e4chliche) Schieflage.\" href=\"https:\/\/www.brennerbasisdemokratie.eu\/?p=7228\"><code>04<\/code><\/a> <a title=\"Fair ist schwer.\" href=\"https:\/\/www.brennerbasisdemokratie.eu\/?p=44699\"><code>05<\/code><\/a> <a title=\"Sonderbares Deutsch im \u2018Onlinestore\u2019.\" href=\"https:\/\/www.brennerbasisdemokratie.eu\/?p=44401\" rel=\"\"><code>06<\/code><\/a> <span style=\"font-family: Helvetica, Arial, sans-serif; font-weight: normal;\">||<\/span> <a title=\"Kiko in S\u00fcdtirol und Katalonien.\" href=\"https:\/\/www.brennerbasisdemokratie.eu\/?p=77152\"><span style=\"color: #ff8c00\"><code>01<\/code><\/span><\/a> <a title=\"Spanien ist mehrsprachig, auch bei der Digitalisierung.\" href=\"https:\/\/www.brennerbasisdemokratie.eu\/?p=81093\" rel=\"\"><span style=\"color: #ff8c00\"><code>02<\/code><\/span><\/a> <a title=\"Minderheitensprachen im Konsumentinnenschutz.\" href=\"https:\/\/www.brennerbasisdemokratie.eu\/?p=85659\"><span style=\"color: #ff8c00\"><code>03<\/code><\/span><\/a> <a title=\"Lidl in S\u00fcdtirol, Schottland, Wales und Katalonien.\" href=\"https:\/\/www.brennerbasisdemokratie.eu\/?p=86525\"><span style=\"color: #ff8c00\"><code>04<\/code><\/span><\/a> <a title=\"Carrefour muss zahlen und auf Katalanisch etikettieren.\" href=\"https:\/\/www.brennerbasisdemokratie.eu\/?p=87154\"><span style=\"color: #ff8c00\"><code>05<\/code><\/span><\/a> <a title=\"Lidl in der italienischen Schweiz.\" href=\"https:\/\/www.brennerbasisdemokratie.eu\/?p=88733\"><span style=\"color: #ff8c00\"><code>06<\/code><\/span><\/a> <a title=\"Die sprachliche Rosinenpickerei deutscher Konzerne.\" href=\"https:\/\/www.brennerbasisdemokratie.eu\/?p=94295\"><span style=\"color: #ff8c00\"><code>07<\/code><\/span><\/a><\/p>","protected":false},"excerpt":{"rendered":"<p>Oggi in rete cercavo un determinato prodotto, trovandolo solamente presso Ikea. Visto che dal sito austriaco di Ikea gli invii sono disponibili solamente verso l&#8217;Austria, come spesso accade mi sono dovuto spostare sul sito dedicato all&#8217;Italia. Che mi accoglie cos\u00ec: Sito monolingue senza opzioni per la scelta di un&#8217;altra lingua, nemmeno l&#8217;inglese. Allora mi sono [&hellip;]<\/p>","protected":false},"author":1,"featured_media":0,"comment_status":"open","ping_status":"open","sticky":false,"template":"","format":"standard","meta":{"_crdt_document":"","ngg_post_thumbnail":0,"_jetpack_memberships_contains_paid_content":false,"footnotes":""},"categories":[1],"tags":[],"class_list":["post-66515","post","type-post","status-publish","format-standard","hentry","category-allgemein","entity-landesregierung","entity-vzs","issue-bilinguismo-negato","issue-italianizzazione","location-catalunya","location-euskadi","location-galiza","location-island","location-italy","location-sudtirolo","location-svizra","language-italiano","topic-comparatio","topic-discriminaziun","topic-kleinstaaten","topic-minderheitenschutz","topic-nationalismus","topic-plurilinguism","topic-politik","topic-tech_com","topic-verbraucherinnen","topic-wirtschaft"],"jetpack_featured_media_url":"","jetpack_sharing_enabled":true,"_links":{"self":[{"href":"https:\/\/www.brennerbasisdemokratie.eu\/index.php?rest_route=\/wp\/v2\/posts\/66515","targetHints":{"allow":["GET"]}}],"collection":[{"href":"https:\/\/www.brennerbasisdemokratie.eu\/index.php?rest_route=\/wp\/v2\/posts"}],"about":[{"href":"https:\/\/www.brennerbasisdemokratie.eu\/index.php?rest_route=\/wp\/v2\/types\/post"}],"author":[{"embeddable":true,"href":"https:\/\/www.brennerbasisdemokratie.eu\/index.php?rest_route=\/wp\/v2\/users\/1"}],"replies":[{"embeddable":true,"href":"https:\/\/www.brennerbasisdemokratie.eu\/index.php?rest_route=%2Fwp%2Fv2%2Fcomments&post=66515"}],"version-history":[{"count":13,"href":"https:\/\/www.brennerbasisdemokratie.eu\/index.php?rest_route=\/wp\/v2\/posts\/66515\/revisions"}],"predecessor-version":[{"id":94306,"href":"https:\/\/www.brennerbasisdemokratie.eu\/index.php?rest_route=\/wp\/v2\/posts\/66515\/revisions\/94306"}],"wp:attachment":[{"href":"https:\/\/www.brennerbasisdemokratie.eu\/index.php?rest_route=%2Fwp%2Fv2%2Fmedia&parent=66515"}],"wp:term":[{"taxonomy":"category","embeddable":true,"href":"https:\/\/www.brennerbasisdemokratie.eu\/index.php?rest_route=%2Fwp%2Fv2%2Fcategories&post=66515"},{"taxonomy":"post_tag","embeddable":true,"href":"https:\/\/www.brennerbasisdemokratie.eu\/index.php?rest_route=%2Fwp%2Fv2%2Ftags&post=66515"}],"curies":[{"name":"wp","href":"https:\/\/api.w.org\/{rel}","templated":true}]}}