{"id":66568,"date":"2021-06-21T22:30:14","date_gmt":"2021-06-21T20:30:14","guid":{"rendered":"https:\/\/www.brennerbasisdemokratie.eu\/?p=66568"},"modified":"2021-10-04T22:48:48","modified_gmt":"2021-10-04T20:48:48","slug":"europarat-kritisiert-spanien-scharf","status":"publish","type":"post","link":"https:\/\/www.brennerbasisdemokratie.eu\/?p=66568","title":{"rendered":"Europarat kritisiert Spanien scharf."},"content":{"rendered":"<p>Just w\u00e4hrend der spanische Regierungschef Pedro S\u00e1nchez (<abbr title=\"Partido Socialista Obrero Espa\u00f1ol\">PSOE<\/abbr>) heute in Barcelona v\u00f6llig un\u00fcblich noch nicht offiziell beschlossene Strafnachl\u00e4sse <a title=\"Strafnachl\u00e4sse f\u00fcr politische Gefangene.\" href=\"https:\/\/www.brennerbasisdemokratie.eu\/?p=66556\">ank\u00fcndigte<\/a>, lie\u00df die parlamentarische Versammlung des <em>Europarats<\/em> die Bombe platzen: sie verabschiedete trotz erbitterten Widerstands aus Spanien mit 70 zu 28 Stimmen bei 10 Enthaltungen einen Bericht des <em>Ausschusses f\u00fcr Recht und Menschenrechte,<\/em> <a title=\"Europarat: Neues Ungemach f\u00fcr Spanien.\" href=\"https:\/\/www.brennerbasisdemokratie.eu\/?p=66097\">der unter anderem die Freilassung der katalanischen politischen Gefangenen, die R\u00fccknahme aller Haftbefehle und die Reform einiger Straftatbest\u00e4nde fordert.<\/a><\/p>\n<p>Die Hauptaufgabe des 1949 gegr\u00fcndeten <em>Europarats,<\/em> der nicht zur EU geh\u00f6rt, ist die F\u00f6rderung und \u00dcberwachung von Grundrechten.<\/p>\n<p>Spanische Richtervereinigungen hatten im Vorfeld der heutigen Abstimmung vor dem m\u00f6glichen Debakel gewarnt und die politischen Kr\u00e4fte des Landes dazu aufgefordert, es abzuwenden. Spanische Sozialistinnen und Volksparteiler redeten sich in der parlamentarischen Versammlung die Kehle wund und brachten zahlreiche Ab\u00e4nderungsantr\u00e4ge ein, um das, was sie als unzul\u00e4ssige Einmischung in die spanische Justiz darstellten, noch zu verhindern. Letztendlich aber ohne Erfolg. Als besonderen Affront empfindet man es in Madrid, in einem Atemzug mit der T\u00fcrkei genannt zu werden, die in dem Bericht neben Spanien als einziges weiteres Land genannt und f\u00fcr Menschenrechtsverletzungen getadelt wird.<\/p>\n<p>W\u00e4hrend der letzten Stunden vor S\u00e1nchez&#8217; Auftritt in Barcelona waren bereits Stimmen laut geworden, die ihm vorwarfen, mit der \u00f6ffentlichkeitswirksamen Ank\u00fcndigung der Strafnachl\u00e4sse nur einer sich abzeichnenden Niederlage im <em>Europarat<\/em> zuvorkommen und ihr die mediale Show stehlen zu wollen. Nach dem was nun tats\u00e4chlich eingetreten ist, ist diese Kritik nicht ganz von der Hand zu weisen. Jedenfalls nimmt sich aber die geplante \u00bbGnade\u00ab im Vergleich dazu, was der <em>Europarat<\/em> nun fordert, geradezu mickrig aus.<\/p>\n<p><strong><span style=\"font-family: Helvetica, Arial, sans-serif; text-transform: uppercase;\">C\u00ebla enghe:<\/span><\/strong> <a title=\"Die politischen H\u00e4ftlinge sind frei \u2014 aber bedingt.\" href=\"https:\/\/www.brennerbasisdemokratie.eu\/?p=66604\"><span style=\"color: #ff8c00\"><code>01<\/code><\/span><\/a> <a title=\"Catalogna, membri CdE chiedono negoziato.\" href=\"https:\/\/www.brennerbasisdemokratie.eu\/?p=68142\" rel=\"\"><span style=\"color: #ff8c00\"><code>02<\/code><\/span><\/a><\/p>","protected":false},"excerpt":{"rendered":"<p>Just w\u00e4hrend der spanische Regierungschef Pedro S\u00e1nchez (PSOE) heute in Barcelona v\u00f6llig un\u00fcblich noch nicht offiziell beschlossene Strafnachl\u00e4sse ank\u00fcndigte, lie\u00df die parlamentarische Versammlung des Europarats die Bombe platzen: sie verabschiedete trotz erbitterten Widerstands aus Spanien mit 70 zu 28 Stimmen bei 10 Enthaltungen einen Bericht des Ausschusses f\u00fcr Recht und Menschenrechte, der unter anderem die [&hellip;]<\/p>","protected":false},"author":1,"featured_media":0,"comment_status":"open","ping_status":"open","sticky":false,"template":"","format":"standard","meta":{"_crdt_document":"","ngg_post_thumbnail":0,"_jetpack_memberships_contains_paid_content":false,"footnotes":""},"categories":[1],"tags":[],"class_list":["post-66568","post","type-post","status-publish","format-standard","hentry","category-allgemein","entity-europarat","entity-psoe","issue-good-news","issue-1o2017","location-catalunya","location-europa","location-spania","location-turchia","language-deutsch","person-pedro-sanchez","topic-grundrechte","topic-politik","topic-recht","topic-repression","topic-selbstbestimmung"],"jetpack_featured_media_url":"","jetpack_sharing_enabled":true,"_links":{"self":[{"href":"https:\/\/www.brennerbasisdemokratie.eu\/index.php?rest_route=\/wp\/v2\/posts\/66568","targetHints":{"allow":["GET"]}}],"collection":[{"href":"https:\/\/www.brennerbasisdemokratie.eu\/index.php?rest_route=\/wp\/v2\/posts"}],"about":[{"href":"https:\/\/www.brennerbasisdemokratie.eu\/index.php?rest_route=\/wp\/v2\/types\/post"}],"author":[{"embeddable":true,"href":"https:\/\/www.brennerbasisdemokratie.eu\/index.php?rest_route=\/wp\/v2\/users\/1"}],"replies":[{"embeddable":true,"href":"https:\/\/www.brennerbasisdemokratie.eu\/index.php?rest_route=%2Fwp%2Fv2%2Fcomments&post=66568"}],"version-history":[{"count":5,"href":"https:\/\/www.brennerbasisdemokratie.eu\/index.php?rest_route=\/wp\/v2\/posts\/66568\/revisions"}],"predecessor-version":[{"id":68150,"href":"https:\/\/www.brennerbasisdemokratie.eu\/index.php?rest_route=\/wp\/v2\/posts\/66568\/revisions\/68150"}],"wp:attachment":[{"href":"https:\/\/www.brennerbasisdemokratie.eu\/index.php?rest_route=%2Fwp%2Fv2%2Fmedia&parent=66568"}],"wp:term":[{"taxonomy":"category","embeddable":true,"href":"https:\/\/www.brennerbasisdemokratie.eu\/index.php?rest_route=%2Fwp%2Fv2%2Fcategories&post=66568"},{"taxonomy":"post_tag","embeddable":true,"href":"https:\/\/www.brennerbasisdemokratie.eu\/index.php?rest_route=%2Fwp%2Fv2%2Ftags&post=66568"}],"curies":[{"name":"wp","href":"https:\/\/api.w.org\/{rel}","templated":true}]}}