{"id":66744,"date":"2021-06-30T18:38:40","date_gmt":"2021-06-30T16:38:40","guid":{"rendered":"https:\/\/www.brennerbasisdemokratie.eu\/?p=66744"},"modified":"2023-01-03T13:24:10","modified_gmt":"2023-01-03T12:24:10","slug":"impfung-suspendierungen-kommen","status":"publish","type":"post","link":"https:\/\/www.brennerbasisdemokratie.eu\/?p=66744","title":{"rendered":"Impfung: Suspendierungen kommen."},"content":{"rendered":"<p>Ab morgen wird in S\u00fcdtirol aufgrund der staatlichen Impfpflicht ein Teil des Gesundheitspersonals suspendiert oder \u2014 wo m\u00f6glich \u2014 anderen Aufgaben zugeteilt. Mit dieser Vorgabe f\u00e4hrt Italien wie so oft mit schwerem Ger\u00e4t <em>top down<\/em> \u00fcber ein ethisch hoch sensibles Thema dr\u00fcber, ohne dass diesbez\u00fcglich eine ernsthafte politische Debatte gef\u00fchrt oder eine weniger extreme L\u00f6sung ausprobiert worden w\u00e4re \u2014 und zwar meines Wissens als erstes und bisher einziges Land in Europa und vielleicht sogar weltweit. Frankreich erw\u00e4gt eine \u00e4hnliche Ma\u00dfnahme im Herbst, aber nur, wenn sich bis dahin nicht mindestens 80% des Personals haben impfen lassen.<\/p>\n<p>Medizinische Zwangsbehandlungen sind in Rechtsstaaten juridisch aus gutem Grund hoch umstritten, weil sie tief in die individuellen Grundrechte eingreifen. Sie f\u00fchren bei den Betroffenen zudem fast automatisch zu Verh\u00e4rtungen und Widerstand. Dass die nunmehr zu erwartenden Suspendierungen in eine Zeit fallen, in der der Personalmangel ohnehin schon akut ist, w\u00e4hrend viele aufgrund chronischer \u00dcberlastung und mangelnder Wertsch\u00e4tzung ohnehin \u00fcber einen Berufswechsel nachdenken, k\u00f6nnte die Ma\u00dfnahme sogar ad absurdum f\u00fchren. Schlie\u00dfungen einzelner Dienste und von Pflege- und Seniorenheimen sind vorprogrammiert. Ich wage jedenfalls zu bezweifeln, dass zwischen Vor- und Nachteilen (auch jenseits ethischer Abw\u00e4gungen) tats\u00e4chlich sorgf\u00e4ltig abgewogen wurde. Die\u00a0Fankurven beider Seiten bringen uns in dieser Diskussion meiner Meinung nach auch nicht weiter.<\/p>\n<p><small><em>Transparenz: Der Autor dieses Beitrags ist vollst\u00e4ndig geimpft.<\/em><\/small><\/p>\n<p><strong><span style=\"font-family: Helvetica, Arial, sans-serif; text-transform: uppercase;\">C\u00ebla enghe:<\/span><\/strong> <a title=\"Impfskeptische S\u00fcdtiroler \u2013 ein (weiterer) Mythos?\" href=\"https:\/\/www.brennerbasisdemokratie.eu\/?p=63418\"><code>01<\/code><\/a> <a title=\"Corona: Impfungen niederschwellig anbieten.\" href=\"https:\/\/www.brennerbasisdemokratie.eu\/?p=62387\"><code>02<\/code><\/a> <a title=\"Impfpflicht f\u00f6rdert Widerst\u00e4nde.\" href=\"https:\/\/www.brennerbasisdemokratie.eu\/?p=40156\"><code>03<\/code><\/a> <a title=\"Kritische Betrachtung der Impfpflicht.\" href=\"https:\/\/www.brennerbasisdemokratie.eu\/?p=34811\"><code>04<\/code><\/a> <a title=\"Zur Impfpflicht\u2026\" href=\"https:\/\/www.brennerbasisdemokratie.eu\/?p=34766\"><code>05<\/code><\/a>\u00a0<span style=\"font-family: Helvetica, Arial, sans-serif; font-weight: normal;\">||<\/span> <a title=\"Risiken der Impfpflicht im Pflegebereich.\" href=\"https:\/\/www.brennerbasisdemokratie.eu\/?p=67553\"><span style=\"color: #ff8c00\"><code>01<\/code><\/span><\/a><\/p>","protected":false},"excerpt":{"rendered":"<p>Ab morgen wird in S\u00fcdtirol aufgrund der staatlichen Impfpflicht ein Teil des Gesundheitspersonals suspendiert oder \u2014 wo m\u00f6glich \u2014 anderen Aufgaben zugeteilt. Mit dieser Vorgabe f\u00e4hrt Italien wie so oft mit schwerem Ger\u00e4t top down \u00fcber ein ethisch hoch sensibles Thema dr\u00fcber, ohne dass diesbez\u00fcglich eine ernsthafte politische Debatte gef\u00fchrt oder eine weniger extreme L\u00f6sung [&hellip;]<\/p>","protected":false},"author":1,"featured_media":0,"comment_status":"open","ping_status":"open","sticky":false,"template":"","format":"standard","meta":{"_crdt_document":"","ngg_post_thumbnail":0,"_jetpack_memberships_contains_paid_content":false,"footnotes":""},"categories":[1],"tags":[],"class_list":["post-66744","post","type-post","status-publish","format-standard","hentry","category-allgemein","entity-sabes","entity-staat-italien","issue-coronapandemie","location-france","location-italy","location-sudtirolo","language-deutsch","topic-arbeit","topic-gesundheit","topic-grundrechte","topic-politik","topic-servicepublic"],"jetpack_featured_media_url":"","jetpack_sharing_enabled":true,"_links":{"self":[{"href":"https:\/\/www.brennerbasisdemokratie.eu\/index.php?rest_route=\/wp\/v2\/posts\/66744","targetHints":{"allow":["GET"]}}],"collection":[{"href":"https:\/\/www.brennerbasisdemokratie.eu\/index.php?rest_route=\/wp\/v2\/posts"}],"about":[{"href":"https:\/\/www.brennerbasisdemokratie.eu\/index.php?rest_route=\/wp\/v2\/types\/post"}],"author":[{"embeddable":true,"href":"https:\/\/www.brennerbasisdemokratie.eu\/index.php?rest_route=\/wp\/v2\/users\/1"}],"replies":[{"embeddable":true,"href":"https:\/\/www.brennerbasisdemokratie.eu\/index.php?rest_route=%2Fwp%2Fv2%2Fcomments&post=66744"}],"version-history":[{"count":9,"href":"https:\/\/www.brennerbasisdemokratie.eu\/index.php?rest_route=\/wp\/v2\/posts\/66744\/revisions"}],"predecessor-version":[{"id":75609,"href":"https:\/\/www.brennerbasisdemokratie.eu\/index.php?rest_route=\/wp\/v2\/posts\/66744\/revisions\/75609"}],"wp:attachment":[{"href":"https:\/\/www.brennerbasisdemokratie.eu\/index.php?rest_route=%2Fwp%2Fv2%2Fmedia&parent=66744"}],"wp:term":[{"taxonomy":"category","embeddable":true,"href":"https:\/\/www.brennerbasisdemokratie.eu\/index.php?rest_route=%2Fwp%2Fv2%2Fcategories&post=66744"},{"taxonomy":"post_tag","embeddable":true,"href":"https:\/\/www.brennerbasisdemokratie.eu\/index.php?rest_route=%2Fwp%2Fv2%2Ftags&post=66744"}],"curies":[{"name":"wp","href":"https:\/\/api.w.org\/{rel}","templated":true}]}}