{"id":6693,"date":"2010-12-09T12:50:05","date_gmt":"2010-12-09T11:50:05","guid":{"rendered":"http:\/\/www.brennerbasisdemokratie.eu\/?p=6693"},"modified":"2026-02-02T08:45:53","modified_gmt":"2026-02-02T07:45:53","slug":"palermo-seghita-a-desprije","status":"publish","type":"post","link":"https:\/\/www.brennerbasisdemokratie.eu\/?p=6693","title":{"rendered":"Palermo seghita a desprij\u00e9."},"content":{"rendered":"<!-- Snippets by WebberZone Snippetz --><div class=\"ata_snippets\"><hr style=\"height: 20px; border: none; margin-top: 0em; background-color: darkred;\"\/><\/div><p>La intervista dl dot. Francesco Palermo, \u201cespert de dert de mendranzes\u201d che laora ence per la Academia Europeica, deda ai 27 de november a la TZ desmostra end\u00f2 n iade che al ne \u00e0 nia nout la problematica de Ampez, Col Santa L\u00f9zia y Fodom.<\/p>\n<p>Dem\u00e9 ensc\u00ec p\u00f2n se spligh\u00e9 che al desprija end\u00f2 n iade l referendum di 28-29.10.2007 sciche n fat blot economich, pro che al \u00e9 dem\u00e9 vegn\u00f9 ador\u00e9 &#8220;rejons de identit\u00e9 ladina&#8221; per sciaud\u00e9 su la chestion.<br \/>\nFat \u00e9l endere che la mendranza ladina di trei comuns \u00e0 prov\u00e9 tresfora dal 1946 da arjonje che i confins dl temp fascist vegne mud\u00e9s y l tort fascist refat. Fat \u00e9l tamben che i ladins da souramont \u00e9 dal 1946 inant zenza vigni sconanza y mess scombate per souravive. Fat \u00e9l sourapr\u00f2 che la mendranza ladina te Anpezo, Col y Fodom ne vuel nia d\u00e9 su sia identit\u00e9 ladina y \u00e0 perchel met\u00f9 a j\u00ec l referendum che ai \u00e0 davagn\u00e9. I ladins da souramont \u00e0 l dert dla Comunit\u00e9 Europea sun sia pert, ajache la Cherta dl&#8217;Europa per lingac regionai y de mendranza scriv clermenter dant che confins politics-aministratifs te n teritore de na mendranza ne p\u00f2 nia ester de rem per arjonje na unit\u00e9. I ladins \u00e9 la soula mendranza te duta la Talia che \u00e9 spidiceda su sun depl\u00f9 provinzies y regions.<\/p>\n<p><em><small>\u00dcbernommen von: <a title=\"Noeles.\" href=\"http:\/\/www.noeles.info\" target=\"_blank\" rel=\"noopener\">Noeles.info<\/a><\/small><\/em><\/p>\n<!-- Snippets by WebberZone Snippetz --><div class=\"ata_snippets\"><hr style=\"height: 10px;border: none;margin-top: 0px;background-color: darkred\" \/>\r\n\r\n<div style=\"background-color: none;padding: 0px;font-size: 14px;font-family: Helvetica,Arial;margin: 10px 0px 0px 0px\"><span style=\"color: darkred\"><strong><small>Autor:innen- und Gastbeitr\u00e4ge widerspiegeln nicht notwendigerweise die Meinung oder die Position von BBD, so wie die jeweiligen Verfasser:innen nicht notwendigerweise die Ziele von BBD unterst\u00fctzen.<\/small><\/strong><small>\u00b7 I contributi esterni non necessariamente riflettono le opinioni o la posizione di BBD, come a loro volta le autrici\/gli autori non necessariamente condividono gli obiettivi di BBD. \u2014 <a href=\"http:\/\/www.brennerbasisdemokratie.eu\/?page_id=11356#copyleft\"><strong>\u00a9<\/strong><\/a><\/small><\/span><\/div><\/div>","protected":false},"excerpt":{"rendered":"<p>La intervista dl dot. Francesco Palermo, \u201cespert de dert de mendranzes\u201d che laora ence per la Academia Europeica, deda ai 27 de november a la TZ desmostra end\u00f2 n iade che al ne \u00e0 nia nout la problematica de Ampez, Col Santa L\u00f9zia y Fodom. Dem\u00e9 ensc\u00ec p\u00f2n se spligh\u00e9 che al desprija end\u00f2 n [&hellip;]<\/p>","protected":false},"author":10,"featured_media":0,"comment_status":"open","ping_status":"open","sticky":false,"template":"","format":"standard","meta":{"_crdt_document":"","ngg_post_thumbnail":0,"_jetpack_memberships_contains_paid_content":false,"footnotes":""},"categories":[751],"tags":[],"class_list":["post-6693","post","type-post","status-publish","format-standard","hentry","category-autorinnen-neu","entity-eurac","location-ladinia","location-souramont","location-sudtirolo","language-ladin","medium-noeles-info","medium-taz","person-francesco-palermo","topic-medien","topic-minderheitenschutz","topic-mitbestimmung"],"jetpack_featured_media_url":"","jetpack_sharing_enabled":true,"_links":{"self":[{"href":"https:\/\/www.brennerbasisdemokratie.eu\/index.php?rest_route=\/wp\/v2\/posts\/6693","targetHints":{"allow":["GET"]}}],"collection":[{"href":"https:\/\/www.brennerbasisdemokratie.eu\/index.php?rest_route=\/wp\/v2\/posts"}],"about":[{"href":"https:\/\/www.brennerbasisdemokratie.eu\/index.php?rest_route=\/wp\/v2\/types\/post"}],"author":[{"embeddable":true,"href":"https:\/\/www.brennerbasisdemokratie.eu\/index.php?rest_route=\/wp\/v2\/users\/10"}],"replies":[{"embeddable":true,"href":"https:\/\/www.brennerbasisdemokratie.eu\/index.php?rest_route=%2Fwp%2Fv2%2Fcomments&post=6693"}],"version-history":[{"count":5,"href":"https:\/\/www.brennerbasisdemokratie.eu\/index.php?rest_route=\/wp\/v2\/posts\/6693\/revisions"}],"predecessor-version":[{"id":46134,"href":"https:\/\/www.brennerbasisdemokratie.eu\/index.php?rest_route=\/wp\/v2\/posts\/6693\/revisions\/46134"}],"wp:attachment":[{"href":"https:\/\/www.brennerbasisdemokratie.eu\/index.php?rest_route=%2Fwp%2Fv2%2Fmedia&parent=6693"}],"wp:term":[{"taxonomy":"category","embeddable":true,"href":"https:\/\/www.brennerbasisdemokratie.eu\/index.php?rest_route=%2Fwp%2Fv2%2Fcategories&post=6693"},{"taxonomy":"post_tag","embeddable":true,"href":"https:\/\/www.brennerbasisdemokratie.eu\/index.php?rest_route=%2Fwp%2Fv2%2Ftags&post=6693"}],"curies":[{"name":"wp","href":"https:\/\/api.w.org\/{rel}","templated":true}]}}