{"id":6698,"date":"2010-12-10T20:35:26","date_gmt":"2010-12-10T19:35:26","guid":{"rendered":"http:\/\/www.brennerbasisdemokratie.eu\/?p=6698"},"modified":"2022-06-11T17:10:03","modified_gmt":"2022-06-11T15:10:03","slug":"erster-versuch","status":"publish","type":"post","link":"https:\/\/www.brennerbasisdemokratie.eu\/?p=6698","title":{"rendered":"Erster Versuch."},"content":{"rendered":"<p>Die <em>S\u00fcd-Tiroler Freiheit<\/em> hat heute in der Tageszeitung <em>A. Adige<\/em> eine ganzseitige Anzeige geschaltet, um \u2014 wie es hei\u00dft \u2014 den Italienern die Position der Partei zu erkl\u00e4ren. Als Anlass wurde der Tag der Menschenrechte gew\u00e4hlt, der am 10. Dezember begangen wird. Die Idee ist an und f\u00fcr sich ausgezeichnet, und auch der Versuch, endlich auf die Italiener im Lande zuzugehen, ist zu begr\u00fc\u00dfen.<\/p>\n<p>Dem in einer Pressemitteilung der Partei erw\u00e4hnten Anspruch<\/p>\n<blockquote><p>allen unseren italienischen Mitb\u00fcrgern [zu] erkl\u00e4ren, dass unser Einsatz nicht gegen unsere Nachbarn im Kondominium, im Nachbarhaus oder auf der Stra\u00dfe gerichtet ist<\/p><\/blockquote>\n<p>wird die Anzeige selbst jedoch leider nicht gerecht. Es wird ausschlie\u00dflich auf das Selbstbestimmungsrecht verwiesen, dessen Anwendung im Falle S\u00fcdtirols zweifelhaft erscheint. Falls die Selbstbestimmung in Berufung auf dieses Prinzip des V\u00f6lkerrechts ausge\u00fcbt w\u00fcrde, w\u00e4ren die Italienerinnen davon voraussichtlich sogar ausgeschlossen \u2014 eine v\u00f6llig inakzeptable gesellschaftliche Katastrophe mit unvorhersehbaren Folgen.<\/p>\n<p>Auf die tiefsitzenden \u00c4ngste und berechtigten Zweifel der italienischen Mitb\u00fcrgerinnen wurde in der Anzeige nicht eingegangen. Hierf\u00fcr h\u00e4tte der Text viel \u00bbdidaktischer\u00ab ausfallen und zumindest folgende Punkte umfassen m\u00fcssen:<\/p>\n<ol>\n<li>Warum w\u00e4re die Losl\u00f6sung von Italien vor allem ein gesellschaftlicher und nicht nur wirtschaftlicher Vorteil f\u00fcr alle S\u00fcdtirolerinnen?<\/li>\n<li>Welche Garantien sind f\u00fcr alle Sprachgruppen gleicherma\u00dfen vorgesehen, falls sich S\u00fcdtirol von Italien l\u00f6st? Wie werden sie schon vorher verbindlich festgeschrieben?<\/li>\n<li>Warum und inwiefern ist das Ansinnen nicht gegen jemanden gerichtet, sondern einer besseren Zukunft aller hier lebenden Menschen zutr\u00e4glich?<\/li>\n<li>Welche Rolle sollen die Italienerinnen in diesem Prozess spielen? Wie soll verhindert werden, dass sie bei einem etwaigen Selbstbestimmungsreferendum einfach \u00fcberstimmt werden?<\/li>\n<li>Ein klares politisches Angebot f\u00fcr die Schaffung einer gemeinsamen Willensnation.<\/li>\n<li>Eine Vision, wie sich dieses freie S\u00fcdtirol im internationalen Kontext positionieren k\u00f6nnte.<\/li>\n<\/ol>\n<p>Dies setzt nat\u00fcrlich voraus, dass die <em>S\u00fcd-Tiroler Freiheit<\/em> sich ein Projekt gibt, welches diesen Anforderungen gerecht wird. Es reicht also nicht, dass der Einsatz nicht gegen den Nachbarn gerichtet ist \u2014 er muss den Nachbarn bewusst und dezidiert miteinbeziehen und dort abholen, wo er ist.<\/p>","protected":false},"excerpt":{"rendered":"<p>Die S\u00fcd-Tiroler Freiheit hat heute in der Tageszeitung A. Adige eine ganzseitige Anzeige geschaltet, um \u2014 wie es hei\u00dft \u2014 den Italienern die Position der Partei zu erkl\u00e4ren. Als Anlass wurde der Tag der Menschenrechte gew\u00e4hlt, der am 10. Dezember begangen wird. Die Idee ist an und f\u00fcr sich ausgezeichnet, und auch der Versuch, endlich [&hellip;]<\/p>","protected":false},"author":1,"featured_media":0,"comment_status":"open","ping_status":"open","sticky":false,"template":"","format":"standard","meta":{"_crdt_document":"","ngg_post_thumbnail":0,"_jetpack_memberships_contains_paid_content":false,"footnotes":""},"categories":[1],"tags":[],"class_list":["post-6698","post","type-post","status-publish","format-standard","hentry","category-allgemein","entity-stf","location-sudtirolo","language-deutsch","medium-aa","topic-kohasion","topic-medien","topic-politik","topic-selbstbestimmung"],"jetpack_featured_media_url":"","jetpack_sharing_enabled":true,"_links":{"self":[{"href":"https:\/\/www.brennerbasisdemokratie.eu\/index.php?rest_route=\/wp\/v2\/posts\/6698","targetHints":{"allow":["GET"]}}],"collection":[{"href":"https:\/\/www.brennerbasisdemokratie.eu\/index.php?rest_route=\/wp\/v2\/posts"}],"about":[{"href":"https:\/\/www.brennerbasisdemokratie.eu\/index.php?rest_route=\/wp\/v2\/types\/post"}],"author":[{"embeddable":true,"href":"https:\/\/www.brennerbasisdemokratie.eu\/index.php?rest_route=\/wp\/v2\/users\/1"}],"replies":[{"embeddable":true,"href":"https:\/\/www.brennerbasisdemokratie.eu\/index.php?rest_route=%2Fwp%2Fv2%2Fcomments&post=6698"}],"version-history":[{"count":15,"href":"https:\/\/www.brennerbasisdemokratie.eu\/index.php?rest_route=\/wp\/v2\/posts\/6698\/revisions"}],"predecessor-version":[{"id":72699,"href":"https:\/\/www.brennerbasisdemokratie.eu\/index.php?rest_route=\/wp\/v2\/posts\/6698\/revisions\/72699"}],"wp:attachment":[{"href":"https:\/\/www.brennerbasisdemokratie.eu\/index.php?rest_route=%2Fwp%2Fv2%2Fmedia&parent=6698"}],"wp:term":[{"taxonomy":"category","embeddable":true,"href":"https:\/\/www.brennerbasisdemokratie.eu\/index.php?rest_route=%2Fwp%2Fv2%2Fcategories&post=6698"},{"taxonomy":"post_tag","embeddable":true,"href":"https:\/\/www.brennerbasisdemokratie.eu\/index.php?rest_route=%2Fwp%2Fv2%2Ftags&post=6698"}],"curies":[{"name":"wp","href":"https:\/\/api.w.org\/{rel}","templated":true}]}}