{"id":67035,"date":"2021-07-13T22:20:56","date_gmt":"2021-07-13T20:20:56","guid":{"rendered":"https:\/\/www.brennerbasisdemokratie.eu\/?p=67035"},"modified":"2022-07-02T22:55:48","modified_gmt":"2022-07-02T20:55:48","slug":"kolonialismus-ist-ein-verbrechen","status":"publish","type":"post","link":"https:\/\/www.brennerbasisdemokratie.eu\/?p=67035","title":{"rendered":"Kolonialismus ist ein Verbrechen."},"content":{"rendered":"<blockquote><p>Zum ersten Mal <a title=\"Deutschland anerkennt Genozid in Namibia.\" href=\"https:\/\/www.brennerbasisdemokratie.eu\/?p=66080\" rel=\"\">anerkennt eine fr\u00fchere Kolonialmacht, dass in einer ihrer damaligen Kolonien ein Genozid stattgefunden hat<\/a>, dass sie sich offiziell daf\u00fcr entschuldigen sollte und dass finanzielle Beitr\u00e4ge geschuldet sind, um einen Teil der Folgen dieses Verbrechens zu beseitigen.<\/p>\n<p><small><em>\u2013 Prof. J\u00fcrgen Zimmerer<\/em><\/small><\/p><\/blockquote>\n<blockquote><p>Die Fokussierung auf den Genozid an den Herero und Nama macht aber auch einen blinden Fleck im Umgang mit dem Kolonialismus sichtbar. Es wird nun zur Kenntnis genommen, dass im Kolonialismus einzelne F\u00e4lle von Gewalt und Verbrechen gegen die Menschlichkeit stattgefunden haben. Wir m\u00fcssen jedoch erkennen, dass es im Kolonialismus keine F\u00e4lle von Gewalt gegeben hat \u2014 sondern, dass der Kolonialismus [selbst] Gewalt und ein Verbrechen gegen die Menschlichkeit ist.<\/p>\n<p><small><em>\u2013 Prof. J\u00fcrgen Zimmerer<\/em><\/small><\/p><\/blockquote>\n<p><em>J\u00fcrgen Zimmerer, Professor f\u00fcr Globalgeschichte mit Schwerpunkt Afrika an der Universit\u00e4t Hamburg und Leiter der<\/em> Forschungsstelle Hamburgs (post-)koloniales Erbe,\u00a0<em>im <a title=\"German Colonialism, Suppressed Memories\u2026\" href=\"https:\/\/imperialglobalexeter.com\/2021\/07\/09\/german-colonialism-suppressed-memories-a-cigh-interview-with-jurgen-zimmerer\/\" target=\"_blank\" rel=\"noopener\">Gespr\u00e4ch<\/a>\u00a0mit Professor Richard Toye vom\u00a0<\/em>Centre for Imperial and Global History<\/p>\n<p><em><small>\u00dcbersetzung aus dem Englischen und Linksetzung von mir<\/small><\/em><\/p>\n<p><strong><span style=\"font-family: Helvetica, Arial, sans-serif; text-transform: uppercase;\">C\u00ebla enghe:<\/span><\/strong> <a title=\"Kein Denkmal ist f\u00fcr die Ewigkeit.\" href=\"https:\/\/www.brennerbasisdemokratie.eu\/?p=60468\"><code>01<\/code><\/a> <a href=\"https:\/\/www.brennerbasisdemokratie.eu\/?p=42575\" title=\"La deviazione dal vero corso della Storia.\"><code>02<\/code><\/a> <a href=\"https:\/\/www.brennerbasisdemokratie.eu\/?p=49882\" title=\"Colonie, negazionismo di stato.\"><code>03<\/code><\/a> <a href=\"https:\/\/www.brennerbasisdemokratie.eu\/?p=43780\" title=\"El Alamein und Castel Benito.\"><code>04<\/code><\/a> <a href=\"https:\/\/www.brennerbasisdemokratie.eu\/?p=64527\" title=\"Innere und \u00e4u\u00dfere Kolonien.\"><code>05<\/code><\/a><\/p>","protected":false},"excerpt":{"rendered":"<p>Zum ersten Mal anerkennt eine fr\u00fchere Kolonialmacht, dass in einer ihrer damaligen Kolonien ein Genozid stattgefunden hat, dass sie sich offiziell daf\u00fcr entschuldigen sollte und dass finanzielle Beitr\u00e4ge geschuldet sind, um einen Teil der Folgen dieses Verbrechens zu beseitigen. \u2013 Prof. J\u00fcrgen Zimmerer Die Fokussierung auf den Genozid an den Herero und Nama macht aber [&hellip;]<\/p>","protected":false},"author":1,"featured_media":0,"comment_status":"open","ping_status":"open","sticky":false,"template":"","format":"standard","meta":{"_crdt_document":"","ngg_post_thumbnail":0,"_jetpack_memberships_contains_paid_content":false,"footnotes":""},"categories":[1],"tags":[],"class_list":["post-67035","post","type-post","status-publish","format-standard","hentry","category-allgemein","issue-geschichtsaufarbeitung","issue-quotation","location-afrika","location-deutschland","language-deutsch","topic-colonialismi","topic-geschichte"],"jetpack_featured_media_url":"","jetpack_sharing_enabled":true,"_links":{"self":[{"href":"https:\/\/www.brennerbasisdemokratie.eu\/index.php?rest_route=\/wp\/v2\/posts\/67035","targetHints":{"allow":["GET"]}}],"collection":[{"href":"https:\/\/www.brennerbasisdemokratie.eu\/index.php?rest_route=\/wp\/v2\/posts"}],"about":[{"href":"https:\/\/www.brennerbasisdemokratie.eu\/index.php?rest_route=\/wp\/v2\/types\/post"}],"author":[{"embeddable":true,"href":"https:\/\/www.brennerbasisdemokratie.eu\/index.php?rest_route=\/wp\/v2\/users\/1"}],"replies":[{"embeddable":true,"href":"https:\/\/www.brennerbasisdemokratie.eu\/index.php?rest_route=%2Fwp%2Fv2%2Fcomments&post=67035"}],"version-history":[{"count":7,"href":"https:\/\/www.brennerbasisdemokratie.eu\/index.php?rest_route=\/wp\/v2\/posts\/67035\/revisions"}],"predecessor-version":[{"id":67043,"href":"https:\/\/www.brennerbasisdemokratie.eu\/index.php?rest_route=\/wp\/v2\/posts\/67035\/revisions\/67043"}],"wp:attachment":[{"href":"https:\/\/www.brennerbasisdemokratie.eu\/index.php?rest_route=%2Fwp%2Fv2%2Fmedia&parent=67035"}],"wp:term":[{"taxonomy":"category","embeddable":true,"href":"https:\/\/www.brennerbasisdemokratie.eu\/index.php?rest_route=%2Fwp%2Fv2%2Fcategories&post=67035"},{"taxonomy":"post_tag","embeddable":true,"href":"https:\/\/www.brennerbasisdemokratie.eu\/index.php?rest_route=%2Fwp%2Fv2%2Ftags&post=67035"}],"curies":[{"name":"wp","href":"https:\/\/api.w.org\/{rel}","templated":true}]}}