{"id":67048,"date":"2021-07-14T10:15:07","date_gmt":"2021-07-14T08:15:07","guid":{"rendered":"https:\/\/www.brennerbasisdemokratie.eu\/?p=67048"},"modified":"2023-04-26T12:54:07","modified_gmt":"2023-04-26T10:54:07","slug":"rassist-sitzt-sechserkommission-vor","status":"publish","type":"post","link":"https:\/\/www.brennerbasisdemokratie.eu\/?p=67048","title":{"rendered":"Rassist sitzt Sechserkommission vor."},"content":{"rendered":"<p>Nach dem Amtsantritt einer jeden neuen italienischen Regierung m\u00fcssen die Mitglieder der Sechser- und Zw\u00f6lferkommission neu ernannt werden. Die Aufgabe <a title=\"Sechserkommission ausreichend demokratisch legitimiert?\" href=\"https:\/\/www.brennerbasisdemokratie.eu\/?p=55044\" rel=\"\">dieser parit\u00e4tischen Kommissionen<\/a> ist es, Vorschl\u00e4ge f\u00fcr Durchf\u00fchrungsbestimmungen zum regionalen Autonomiestatut auszuarbeiten. F\u00fcr die Regierung von Mario Draghi hatte Regionenministerin Mariastella Gelmini (<abbr title=\"Forza Italia\">FI<\/abbr>) k\u00fcrzlich das <em>Lega<\/em>-Schwergewicht Roberto Calderoli sowie den FI-Senator Franco Dal Mas und den Meraner Anwalt Lukas Benedetti zu Mitgliedern der Sechserkommission ernannt.<\/p>\n<p>F\u00fcr das Land sitzen wie bisher die <abbr title=\"S\u00fcdtiroler Volkspartei\">SVP<\/abbr>-Parlamentarier Meinhard Durnwalder und Manfred Schullian sowie der Landtagsabgeordnete Carlo Vettori (FI) in dem Gremium.<\/p>\n<p>Bei ihrer ersten Zusammenkunft hat die Kommission gestern Roberto Calderoli einstimmig zum Vorsitzenden gew\u00e4hlt. Dabei ist der ehemalige Minister verschiedener Berlusconi-Regierungen vor allem f\u00fcr seine zahlreichen verbalen Entgleisungen und Hassbotschaften gegen\u00fcber ethnischen, sexuellen und religi\u00f6sen Minderheiten bekannt. Bei massiven Protesten gegen seine muslimfeindlichen Provokationen kamen 2006 vor dem italienischen Konsulat in Bengasi gar elf Menschen ums Leben. Und 2019 wurde er wegen rassistischer \u00c4u\u00dferungen gegen Integrationsministerin C\u00e9cile Kyenge (<abbr title=\"Partito Democratico\">PD<\/abbr>), die er 2013 mit einem Orang-Utan verglichen hatte, <a title=\"Calderoli wegen Rassismus verurteilt.\" href=\"https:\/\/www.brennerbasisdemokratie.eu\/?p=45112\" rel=\"\">zu anderthalb Jahren Freiheitsentzug auf Bew\u00e4hrung verurteilt.<\/a><\/p>\n<p>Dass ihr eine solche Person \u2014 mit Zustimmung der <em>Volkspartei<\/em> \u2014 vorsitzt ist ein absoluter Tiefpunkt f\u00fcr die parit\u00e4tische Kommission.<\/p>\n<p><strong><span style=\"font-family: Helvetica, Arial, sans-serif; text-transform: uppercase;\">C\u00ebla enghe:<\/span><\/strong> <a title=\"Vahrner Referent beleidigt Seminaristen rassistisch.\" href=\"https:\/\/www.brennerbasisdemokratie.eu\/?p=64821\" rel=\"\"><code>01<\/code><\/a> <a title=\"Ungez\u00e4hmt homophobe Lega.\" href=\"https:\/\/www.brennerbasisdemokratie.eu\/?p=45190\" rel=\"\"><code>02<\/code><\/a> <a title=\"Masocco ist die Lega ist Masocco.\" href=\"https:\/\/www.brennerbasisdemokratie.eu\/?p=46279\" rel=\"\"><code>03<\/code><\/a> <a title=\"Spulciando Massimo Bessone.\" href=\"https:\/\/www.brennerbasisdemokratie.eu\/?p=43656\" rel=\"\"><code>04<\/code><\/a> <span style=\"font-family: Helvetica, Arial, sans-serif; font-weight: normal;\">||<\/span> <a title=\"Die Lega, die SVP und die Bluttat von Voghera.\" href=\"https:\/\/www.brennerbasisdemokratie.eu\/?p=67135\" rel=\"\"><span style=\"color: #ff8c00\"><code>01<\/code><\/span><\/a> <a title=\"Urz\u00ec sitzt Sechserkommission vor.\" href=\"https:\/\/www.brennerbasisdemokratie.eu\/?p=77767\" rel=\"\"><span style=\"color: #ff8c00\"><code>02<\/code><\/span><\/a><\/p>","protected":false},"excerpt":{"rendered":"<p>Nach dem Amtsantritt einer jeden neuen italienischen Regierung m\u00fcssen die Mitglieder der Sechser- und Zw\u00f6lferkommission neu ernannt werden. Die Aufgabe dieser parit\u00e4tischen Kommissionen ist es, Vorschl\u00e4ge f\u00fcr Durchf\u00fchrungsbestimmungen zum regionalen Autonomiestatut auszuarbeiten. F\u00fcr die Regierung von Mario Draghi hatte Regionenministerin Mariastella Gelmini (FI) k\u00fcrzlich das Lega-Schwergewicht Roberto Calderoli sowie den FI-Senator Franco Dal Mas und [&hellip;]<\/p>","protected":false},"author":1,"featured_media":0,"comment_status":"open","ping_status":"open","sticky":false,"template":"","format":"standard","meta":{"_crdt_document":"","ngg_post_thumbnail":0,"_jetpack_memberships_contains_paid_content":false,"footnotes":""},"categories":[1],"tags":[],"class_list":["post-67048","post","type-post","status-publish","format-standard","hentry","category-allgemein","entity-lega","entity-pd","entity-pdl","entity-sechser-zwolferkommission","entity-svp","location-afrika","location-italy","location-sudtirolo","language-deutsch","person-carlo-vettori","person-manfred-schullian","person-mario-draghi","person-meinhard-durnwalder","person-roberto-calderoli","topic-lgbtqia","topic-politik","topic-racism","topic-religiun"],"jetpack_featured_media_url":"","jetpack_sharing_enabled":true,"_links":{"self":[{"href":"https:\/\/www.brennerbasisdemokratie.eu\/index.php?rest_route=\/wp\/v2\/posts\/67048","targetHints":{"allow":["GET"]}}],"collection":[{"href":"https:\/\/www.brennerbasisdemokratie.eu\/index.php?rest_route=\/wp\/v2\/posts"}],"about":[{"href":"https:\/\/www.brennerbasisdemokratie.eu\/index.php?rest_route=\/wp\/v2\/types\/post"}],"author":[{"embeddable":true,"href":"https:\/\/www.brennerbasisdemokratie.eu\/index.php?rest_route=\/wp\/v2\/users\/1"}],"replies":[{"embeddable":true,"href":"https:\/\/www.brennerbasisdemokratie.eu\/index.php?rest_route=%2Fwp%2Fv2%2Fcomments&post=67048"}],"version-history":[{"count":10,"href":"https:\/\/www.brennerbasisdemokratie.eu\/index.php?rest_route=\/wp\/v2\/posts\/67048\/revisions"}],"predecessor-version":[{"id":78038,"href":"https:\/\/www.brennerbasisdemokratie.eu\/index.php?rest_route=\/wp\/v2\/posts\/67048\/revisions\/78038"}],"wp:attachment":[{"href":"https:\/\/www.brennerbasisdemokratie.eu\/index.php?rest_route=%2Fwp%2Fv2%2Fmedia&parent=67048"}],"wp:term":[{"taxonomy":"category","embeddable":true,"href":"https:\/\/www.brennerbasisdemokratie.eu\/index.php?rest_route=%2Fwp%2Fv2%2Fcategories&post=67048"},{"taxonomy":"post_tag","embeddable":true,"href":"https:\/\/www.brennerbasisdemokratie.eu\/index.php?rest_route=%2Fwp%2Fv2%2Ftags&post=67048"}],"curies":[{"name":"wp","href":"https:\/\/api.w.org\/{rel}","templated":true}]}}