{"id":67277,"date":"2021-08-06T11:32:06","date_gmt":"2021-08-06T09:32:06","guid":{"rendered":"https:\/\/www.brennerbasisdemokratie.eu\/?p=67277"},"modified":"2023-05-08T18:50:52","modified_gmt":"2023-05-08T16:50:52","slug":"proporzumgehung-erschweren","status":"publish","type":"post","link":"https:\/\/www.brennerbasisdemokratie.eu\/?p=67277","title":{"rendered":"Proporzumgehung erschweren."},"content":{"rendered":"<p>Bei ihrer Sitzung vom Mittwoch (4. August) hat sich die <em>Sechserkommission<\/em> unter anderem mit der Umgehung des Sprachgruppenproporzes in S\u00fcdtirol befasst und einen Vorschlag verabschiedet, um das Problem zu begrenzen: Medienberichten zufolge sollen Kandidatinnen f\u00fcr eine zu besetzende \u00f6ffentliche Stelle k\u00fcnftig wenigstens einen Teil der Pr\u00fcfung (Eignungstest) in ihrer deklarierten Muttersprache ablegen m\u00fcssen.<\/p>\n<p>Immer wieder <a title=\"Neue Richterinnen hebeln Proporz aus.\" href=\"https:\/\/www.brennerbasisdemokratie.eu\/?p=9965\" rel=\"\">erkl\u00e4ren sich Arbeitssuchende jener Sprachgruppe zugeh\u00f6rig, der eine oder mehrere ausgeschriebene Stellen vorbehalten sind<\/a>, obwohl sie die entsprechende Sprache nicht oder nicht ausreichend beherrschen. Die Pr\u00fcfung zur Besetzung der Stelle legen sie dann aber ausschlie\u00dflich in ihrer tats\u00e4chlichen Muttersprache ab.<\/p>\n<p>Ohnehin sollten Kandidatinnen aber eigentlich beide bzw. alle drei Amtssprachen in ausreichendem Ma\u00dfe beherrschen, was jedoch erfahrungsgem\u00e4\u00df auch nicht immer der Fall ist.<\/p>\n<p>Nun muss der Entwurf gegebenenfalls als <abbr title=\"Durchf\u00fchrungsbestimmung\">DFB<\/abbr> verabschiedet werden, damit er in Kraft tritt und wirksam wird.<\/p>\n<p><strong><span style=\"font-family: Helvetica, Arial, sans-serif; text-transform: uppercase;\">C\u00ebla enghe:<\/span><\/strong> <a title=\"Sprachgruppenerkl\u00e4rungen ad hoc erm\u00f6glichen?\" href=\"https:\/\/www.brennerbasisdemokratie.eu\/?p=44628\" rel=\"\"><code>01<\/code><\/a> <a title=\"L\u00e4sst sich der ethnische Proporz reformieren? \u2013 I\" href=\"https:\/\/www.brennerbasisdemokratie.eu\/?p=26834\" rel=\"\"><code>02<\/code><\/a> <a title=\"L\u00e4sst sich der ethnische Proporz reformieren? \u2013 II\" href=\"https:\/\/www.brennerbasisdemokratie.eu\/?p=26988\" rel=\"\"><code>03<\/code><\/a> <span style=\"font-family: Helvetica, Arial, sans-serif; font-weight: normal;\">||<\/span> <a title=\"DFB zur Wettbewerbssprache.\" href=\"https:\/\/www.brennerbasisdemokratie.eu\/?p=78311\" rel=\"\"><span style=\"color: #ff8c00\"><code>01<\/code><\/span><\/a><\/p>","protected":false},"excerpt":{"rendered":"<p>Bei ihrer Sitzung vom Mittwoch (4. August) hat sich die Sechserkommission unter anderem mit der Umgehung des Sprachgruppenproporzes in S\u00fcdtirol befasst und einen Vorschlag verabschiedet, um das Problem zu begrenzen: Medienberichten zufolge sollen Kandidatinnen f\u00fcr eine zu besetzende \u00f6ffentliche Stelle k\u00fcnftig wenigstens einen Teil der Pr\u00fcfung (Eignungstest) in ihrer deklarierten Muttersprache ablegen m\u00fcssen. Immer wieder [&hellip;]<\/p>","protected":false},"author":1,"featured_media":0,"comment_status":"open","ping_status":"open","sticky":false,"template":"","format":"standard","meta":{"_crdt_document":"","ngg_post_thumbnail":0,"_jetpack_memberships_contains_paid_content":false,"footnotes":""},"categories":[1],"tags":[],"class_list":["post-67277","post","type-post","status-publish","format-standard","hentry","category-allgemein","entity-sechser-zwolferkommission","issue-proporz","location-italy","location-sudtirolo","language-deutsch","topic-arbeit","topic-minderheitenschutz","topic-plurilinguism","topic-recht","topic-servicepublic"],"jetpack_featured_media_url":"","jetpack_sharing_enabled":true,"_links":{"self":[{"href":"https:\/\/www.brennerbasisdemokratie.eu\/index.php?rest_route=\/wp\/v2\/posts\/67277","targetHints":{"allow":["GET"]}}],"collection":[{"href":"https:\/\/www.brennerbasisdemokratie.eu\/index.php?rest_route=\/wp\/v2\/posts"}],"about":[{"href":"https:\/\/www.brennerbasisdemokratie.eu\/index.php?rest_route=\/wp\/v2\/types\/post"}],"author":[{"embeddable":true,"href":"https:\/\/www.brennerbasisdemokratie.eu\/index.php?rest_route=\/wp\/v2\/users\/1"}],"replies":[{"embeddable":true,"href":"https:\/\/www.brennerbasisdemokratie.eu\/index.php?rest_route=%2Fwp%2Fv2%2Fcomments&post=67277"}],"version-history":[{"count":9,"href":"https:\/\/www.brennerbasisdemokratie.eu\/index.php?rest_route=\/wp\/v2\/posts\/67277\/revisions"}],"predecessor-version":[{"id":78322,"href":"https:\/\/www.brennerbasisdemokratie.eu\/index.php?rest_route=\/wp\/v2\/posts\/67277\/revisions\/78322"}],"wp:attachment":[{"href":"https:\/\/www.brennerbasisdemokratie.eu\/index.php?rest_route=%2Fwp%2Fv2%2Fmedia&parent=67277"}],"wp:term":[{"taxonomy":"category","embeddable":true,"href":"https:\/\/www.brennerbasisdemokratie.eu\/index.php?rest_route=%2Fwp%2Fv2%2Fcategories&post=67277"},{"taxonomy":"post_tag","embeddable":true,"href":"https:\/\/www.brennerbasisdemokratie.eu\/index.php?rest_route=%2Fwp%2Fv2%2Ftags&post=67277"}],"curies":[{"name":"wp","href":"https:\/\/api.w.org\/{rel}","templated":true}]}}