{"id":6761,"date":"2010-12-28T14:16:21","date_gmt":"2010-12-28T13:16:21","guid":{"rendered":"http:\/\/www.brennerbasisdemokratie.eu\/?p=6761"},"modified":"2025-11-22T18:39:49","modified_gmt":"2025-11-22T17:39:49","slug":"piu-sudtirolesi-che-altoatesini","status":"publish","type":"post","link":"https:\/\/www.brennerbasisdemokratie.eu\/?p=6761","title":{"rendered":"Pi\u00f9 sudtirolesi che altoatesini."},"content":{"rendered":"<p>Che ci siano pi\u00f9 sudtirolesi che altoatesini sarebbe un&#8217;affermazione ridondante se riferita all&#8217;uso che molti fanno dei due termini, \u00absudtirolesi\u00bb per definire i cittadini di lingua tedesca e \u00abaltoatesini\u00bb per quelli di lingua italiana. Un uso teminologico che non solo descrive, ma contribuisce a riprodurre una separazione concettuale che dovremmo finalmente lasciarci alle spalle. Seguendo tale logica i sudtirolesi sarebbero \u00abesattamente\u00bb il 69,15% della popolazione e gli altoatesini il 26,47%, come insegnano le dichiarazioni di appartenenza.<\/p>\n<p>Quel che invece potrebbe sorprendere \u00e8 ci\u00f2 che si evince sfogliando il cosiddetto \u00abbarometro linguistico\u00bb dell&#8217;ASTAT, nella sua versione pi\u00f9 recente, risalente ormai al 2004. Coloro che si autodefiniscono cittadini di lingua italiana, alla domanda relativa all&#8217;appartenenza \u00abterritoriale ed etnica\u00bb dicono di sentirsi altoatesini al 10,1%, ma la somma di chi si sente sudtirolese (2,6%), sudtirolese di lingua italiana (14,4%) o addirittura tirolese (0,3%) raggiunge un ben pi\u00f9 pesante 17,3%.<\/p>\n<p>Certo, il 52,2% dei concittadini di lingua italiana si definisce prima di tutto \u00abitaliano\u00bb, ma raffrontando questi risultati all&#8217;identit\u00e0 monolitica che solitamente attribuiamo ai gruppi linguistici constatiamo una liquidit\u00e0 sorprendente. Chi \u00e8 gi\u00e0 pienamente arrivato in questa terra, emancipandosi dalla necessit\u00e0 di definirsi lungo un&#8217;asse \u00abnazionale\u00bb preferisce definirsi sudtirolese piuttosto che altoatesino; un fatto che rende obsoleta la distinzione fra sudtirolesi (puramente di lingua tedesca) e altoatesini (gli italiani tutti) \u2014 ed impellente un uso pi\u00f9 inclusivo e integrativo del termine Sudtirolo (anche da parte della popolazione di lingua tedesca).<\/p>\n<p>Rafforzando l&#8217;interazione degli \u00abitaliani\u00bb con l&#8217;autonomia attuale e con i progetti di un suo sviluppo \u2014 anche in chiave \u00absovrana\u00bb \u2014 si contribuirebbe inoltre a far crollare ulteriormente la necessit\u00e0 di identificarsi con una comunit\u00e0 \u00abnazionale\u00bb. Non \u00e8 uno sforzo fine a se stesso, se pensiamo che l&#8217;identificazione nazionale \u00e8 destinata a venir delusa dalla realt\u00e0 e quindi a generare disagio rispetto alle proprie aspettative.<\/p>\n<p><strong><span style=\"font-family: Helvetica, Arial, sans-serif; text-transform: uppercase;\">C\u00ebla enghe:<\/span><\/strong> <a title=\"Territoriale Identit\u00e4t schw\u00e4chelt.\" href=\"https:\/\/www.brennerbasisdemokratie.eu\/?p=25792\"><span style=\"color: #ff8c00\"><code>01<\/code><\/span><\/a> <a title=\"Assimilierung der Minderheiten schreitet voran.\" href=\"https:\/\/www.brennerbasisdemokratie.eu\/?p=96290\"><span style=\"color: #ff8c00\"><code>02<\/code><\/span><\/a><\/p>","protected":false},"excerpt":{"rendered":"<p>Che ci siano pi\u00f9 sudtirolesi che altoatesini sarebbe un&#8217;affermazione ridondante se riferita all&#8217;uso che molti fanno dei due termini, \u00absudtirolesi\u00bb per definire i cittadini di lingua tedesca e \u00abaltoatesini\u00bb per quelli di lingua italiana. Un uso teminologico che non solo descrive, ma contribuisce a riprodurre una separazione concettuale che dovremmo finalmente lasciarci alle spalle. Seguendo [&hellip;]<\/p>","protected":false},"author":1,"featured_media":0,"comment_status":"open","ping_status":"open","sticky":false,"template":"","format":"standard","meta":{"_crdt_document":"","ngg_post_thumbnail":0,"_jetpack_memberships_contains_paid_content":false,"footnotes":""},"categories":[1],"tags":[],"class_list":["post-6761","post","type-post","status-publish","format-standard","hentry","category-allgemein","entity-astat","issue-disagio","issue-good-news","issue-sprachbarometer","location-sudtirolo","language-italiano","topic-kohasion","topic-ortsnamen","topic-recherche","topic-statistik"],"jetpack_featured_media_url":"","jetpack_sharing_enabled":true,"_links":{"self":[{"href":"https:\/\/www.brennerbasisdemokratie.eu\/index.php?rest_route=\/wp\/v2\/posts\/6761","targetHints":{"allow":["GET"]}}],"collection":[{"href":"https:\/\/www.brennerbasisdemokratie.eu\/index.php?rest_route=\/wp\/v2\/posts"}],"about":[{"href":"https:\/\/www.brennerbasisdemokratie.eu\/index.php?rest_route=\/wp\/v2\/types\/post"}],"author":[{"embeddable":true,"href":"https:\/\/www.brennerbasisdemokratie.eu\/index.php?rest_route=\/wp\/v2\/users\/1"}],"replies":[{"embeddable":true,"href":"https:\/\/www.brennerbasisdemokratie.eu\/index.php?rest_route=%2Fwp%2Fv2%2Fcomments&post=6761"}],"version-history":[{"count":10,"href":"https:\/\/www.brennerbasisdemokratie.eu\/index.php?rest_route=\/wp\/v2\/posts\/6761\/revisions"}],"predecessor-version":[{"id":96315,"href":"https:\/\/www.brennerbasisdemokratie.eu\/index.php?rest_route=\/wp\/v2\/posts\/6761\/revisions\/96315"}],"wp:attachment":[{"href":"https:\/\/www.brennerbasisdemokratie.eu\/index.php?rest_route=%2Fwp%2Fv2%2Fmedia&parent=6761"}],"wp:term":[{"taxonomy":"category","embeddable":true,"href":"https:\/\/www.brennerbasisdemokratie.eu\/index.php?rest_route=%2Fwp%2Fv2%2Fcategories&post=6761"},{"taxonomy":"post_tag","embeddable":true,"href":"https:\/\/www.brennerbasisdemokratie.eu\/index.php?rest_route=%2Fwp%2Fv2%2Ftags&post=6761"}],"curies":[{"name":"wp","href":"https:\/\/api.w.org\/{rel}","templated":true}]}}