{"id":6767,"date":"2010-12-28T18:29:27","date_gmt":"2010-12-28T17:29:27","guid":{"rendered":"http:\/\/www.brennerbasisdemokratie.eu\/?p=6767"},"modified":"2024-08-31T14:51:52","modified_gmt":"2024-08-31T12:51:52","slug":"was-wurde-eigentlich-aus","status":"publish","type":"post","link":"https:\/\/www.brennerbasisdemokratie.eu\/?p=6767","title":{"rendered":"Was wurde eigentlich aus&#8230;"},"content":{"rendered":"<p><strong>&#8230;der Toponomastikkommission?<\/strong><\/p>\n<p>Nach den heftigen Auseinandersetzungen und ethnischen Z\u00fcndeleien zum Thema Ortsnamengebung habe ich keine Sehnsucht. Trotzdem frage ich mich, was aus der Expertenkommission geworden ist, die aufgrund des Durnwalder-Fitto-Abkommens ernannt wurde. Sie h\u00e4tte binnen k\u00fcrzester Zeit unter dem Vorsitz des Pr\u00e4fekten zusammentreten sollen, um im Widerspruch \u2014 oder zumindest: in vor\u00fcbergehender \u00dcbergehung \u2014 der vom Statut vorgesehenen Zust\u00e4ndigkeiten des Landes S\u00fcdtirol festzulegen, welche italienischen und faschistischen Ortsnamen unbedingt auf die Wanderschilder geh\u00f6ren.<\/p>\n<p>Im Wortlaut des <a title=\"Il testo dell'accordo.\" href=\"http:\/\/www.brennerbasisdemokratie.eu\/?p=6228\" target=\"_self\" rel=\"noopener noreferrer\">Abkommens<\/a> (Auszug):<\/p>\n<blockquote><p><span style=\"color: black;\">2. Le parti o per esse i propri delegati entro quindici giorni nomineranno una commissione di esperti, composta da quattro membri, pariteticamente costituita.<\/span><\/p>\n<p><span style=\"color: black;\">3. La commissione dovr\u00e0&nbsp; verificare, concordare e proporre alle parti le indicazioni segnaletiche da redigere in forma bilingue ovvero trilingue nell\u2019ambito dei Ca. 1.500 casi individuati dall\u2019Autorit\u00e0&nbsp; di Polizia Giudiziaria quali contenenti indicazioni monolingui.<\/span><\/p><\/blockquote>\n<p>Das Land ernannte Ferdinand Willeit, Karl Rainer und Ladinervertreter Hugo Valentin in das Gremium, der Staat Francesca De Carlini und Guido Denicol\u00f2. Nichts schien noch vor drei Monaten dinglicher und wichtiger als die Einberufung dieser Kommission. Und heute? Schlummert sie, wie es den Anschein hat, bis zur kommenden Wandersaison, um p\u00fcnktlich zum Sommerloch wieder unentbehrlich zu werden? Oder tagt sie vielleicht doch und legt ohne demokratische Legitimierung und unter Ausschluss der \u00d6ffentlichkeit fest, wie S\u00fcdtirols (Mikro-)Toponomastik morgen aussehen wird? So intransparent wie die Landesregierung in letzter Zeit agiert, w\u00e4re gut vorstellbar, dass die Bev\u00f6lkerung ein weiteres Mal vor vollendete Tatsachen gestellt werden soll.<\/p>","protected":false},"excerpt":{"rendered":"<p>&#8230;der Toponomastikkommission? Nach den heftigen Auseinandersetzungen und ethnischen Z\u00fcndeleien zum Thema Ortsnamengebung habe ich keine Sehnsucht. Trotzdem frage ich mich, was aus der Expertenkommission geworden ist, die aufgrund des Durnwalder-Fitto-Abkommens ernannt wurde. Sie h\u00e4tte binnen k\u00fcrzester Zeit unter dem Vorsitz des Pr\u00e4fekten zusammentreten sollen, um im Widerspruch \u2014 oder zumindest: in vor\u00fcbergehender \u00dcbergehung \u2014 der [&hellip;]<\/p>","protected":false},"author":1,"featured_media":0,"comment_status":"open","ping_status":"open","sticky":false,"template":"","format":"standard","meta":{"_crdt_document":"","ngg_post_thumbnail":0,"_jetpack_memberships_contains_paid_content":false,"footnotes":""},"categories":[1],"tags":[],"class_list":["post-6767","post","type-post","status-publish","format-standard","hentry","category-allgemein","entity-regierungskommissariat","location-sudtirolo","language-deutsch","person-luis-durnwalder","person-raffaele-fitto","topic-ortsnamen","topic-politik"],"jetpack_featured_media_url":"","jetpack_sharing_enabled":true,"_links":{"self":[{"href":"https:\/\/www.brennerbasisdemokratie.eu\/index.php?rest_route=\/wp\/v2\/posts\/6767","targetHints":{"allow":["GET"]}}],"collection":[{"href":"https:\/\/www.brennerbasisdemokratie.eu\/index.php?rest_route=\/wp\/v2\/posts"}],"about":[{"href":"https:\/\/www.brennerbasisdemokratie.eu\/index.php?rest_route=\/wp\/v2\/types\/post"}],"author":[{"embeddable":true,"href":"https:\/\/www.brennerbasisdemokratie.eu\/index.php?rest_route=\/wp\/v2\/users\/1"}],"replies":[{"embeddable":true,"href":"https:\/\/www.brennerbasisdemokratie.eu\/index.php?rest_route=%2Fwp%2Fv2%2Fcomments&post=6767"}],"version-history":[{"count":8,"href":"https:\/\/www.brennerbasisdemokratie.eu\/index.php?rest_route=\/wp\/v2\/posts\/6767\/revisions"}],"predecessor-version":[{"id":87843,"href":"https:\/\/www.brennerbasisdemokratie.eu\/index.php?rest_route=\/wp\/v2\/posts\/6767\/revisions\/87843"}],"wp:attachment":[{"href":"https:\/\/www.brennerbasisdemokratie.eu\/index.php?rest_route=%2Fwp%2Fv2%2Fmedia&parent=6767"}],"wp:term":[{"taxonomy":"category","embeddable":true,"href":"https:\/\/www.brennerbasisdemokratie.eu\/index.php?rest_route=%2Fwp%2Fv2%2Fcategories&post=6767"},{"taxonomy":"post_tag","embeddable":true,"href":"https:\/\/www.brennerbasisdemokratie.eu\/index.php?rest_route=%2Fwp%2Fv2%2Ftags&post=6767"}],"curies":[{"name":"wp","href":"https:\/\/api.w.org\/{rel}","templated":true}]}}