{"id":67930,"date":"2021-09-24T07:42:50","date_gmt":"2021-09-24T05:42:50","guid":{"rendered":"https:\/\/www.brennerbasisdemokratie.eu\/?p=67930"},"modified":"2023-04-28T16:49:52","modified_gmt":"2023-04-28T14:49:52","slug":"puigdemont-auf-sardinien-festgenommen","status":"publish","type":"post","link":"https:\/\/www.brennerbasisdemokratie.eu\/?p=67930","title":{"rendered":"Puigdemont auf Sardinien festgenommen."},"content":{"rendered":"<p>Der ehemalige katalanische Pr\u00e4sident und jetzige EU-Abgeordnete Carles Puigdemont (<abbr title=\"Junts per Catalunya\">JxC<\/abbr>) wurde gestern von der italienischen Polizei auf Sardinien verhaftet, kurz nachdem er am Flughafen von L&#8217;Alguer (Alghero) angekommen war. Er h\u00e4tte in der katalanischen Stadt der Insel an einer Kulturveranstaltung teilnehmen sollen \u2014 geplant waren au\u00dferdem ein Treffen mit dem B\u00fcrgermeister und eines mit dem sardischen Pr\u00e4sidenten.<\/p>\n<p>Erst k\u00fcrzlich hatte der EuGH <a title=\"Puigdemont, Immunit\u00e4t wieder aufgehoben.\" href=\"https:\/\/www.brennerbasisdemokratie.eu\/?p=67241\" rel=\"\">klargestellt<\/a>, dass die Haftbefehle gegen Puigdemont, der von Spanien wegen des Unabh\u00e4ngigkeitsreferendums von 2017 gesucht wird, aufgehoben seien. Seitdem war der ehemalige Pr\u00e4sident unbehelligt in mehrere EU-L\u00e4nder gereist.<\/p>\n<p>In Italien aber ticken die Uhren wieder einmal anders. Puigdemont verbrachte die Nacht im Gef\u00e4ngnis, voraussichtlich heute wird er einer Richterin zur Haftpr\u00fcfung vorgef\u00fchrt. Sein Verteidiger, Menschenrechtsanwalt Gonzalo Boye, bezeichnete das Vorgehen der italienischen Beh\u00f6rden als illegal und besorgniserregend.<\/p>\n<hr \/>\n<p><strong>Nachtrag<\/strong> vom 24. September 2021: Puigdemont konnte das Gef\u00e4ngnis inzwischen wieder verlassen, muss aber am 4. Oktober vor Gericht erscheinen. Entgegen ersten Verlautbarungen muss er in der Zwischenzeit nicht auf Sardinien bleiben, sondern darf sich in der gesamten EU frei bewegen.<br \/>\nBei seiner Haftentlassung waren der sardische Pr\u00e4sident und der Regionalratspr\u00e4sident anwesend, die ihm so ihre Unterst\u00fctzung zeigen wollten.<\/p>\n<p><strong><span style=\"font-family: Helvetica, Arial, sans-serif; text-transform: uppercase;\">C\u00ebla enghe:<\/span><\/strong> <a title=\"Kurde in S\u00fcdtirol politisch verfolgt.\" href=\"https:\/\/www.brennerbasisdemokratie.eu\/?p=51523\"><code>01<\/code><\/a> <a title=\"Tajani: Indipendentisti? In Italia, l\u2019ergastolo.\" href=\"https:\/\/www.brennerbasisdemokratie.eu\/?p=50307\"><code>02<\/code><\/a> <a title=\"Spanien-Italien und die Menschenrechte.\" href=\"https:\/\/www.brennerbasisdemokratie.eu\/?p=51757\"><code>03<\/code><\/a> <span style=\"font-family: Helvetica, Arial, sans-serif; font-weight: normal;\">||<\/span> <a title=\"Staaten spielen bei spanischer Repression nicht mit.\" href=\"https:\/\/www.brennerbasisdemokratie.eu\/?p=68101\" rel=\"\"><span style=\"color: #ff8c00\"><code>01<\/code><\/span><\/a> <a title=\"Sardegna: Puigdemont libero.\" href=\"https:\/\/www.brennerbasisdemokratie.eu\/?p=68128\" rel=\"\"><span style=\"color: #ff8c00\"><code>02<\/code><\/span><\/a> <a title=\"Catalogna, membri CdE chiedono negoziato.\" href=\"https:\/\/www.brennerbasisdemokratie.eu\/?p=68142\" rel=\"\"><span style=\"color: #ff8c00\"><code>03<\/code><\/span><\/a> <a title=\"Antrag von Ponsat\u00ed an Nazi \u00fcbergeben.\" href=\"https:\/\/www.brennerbasisdemokratie.eu\/?p=78107\" rel=\"\"><span style=\"color: #ff8c00\"><code>04<\/code><\/span><\/a><\/p>","protected":false},"excerpt":{"rendered":"<p>Der ehemalige katalanische Pr\u00e4sident und jetzige EU-Abgeordnete Carles Puigdemont (JxC) wurde gestern von der italienischen Polizei auf Sardinien verhaftet, kurz nachdem er am Flughafen von L&#8217;Alguer (Alghero) angekommen war. Er h\u00e4tte in der katalanischen Stadt der Insel an einer Kulturveranstaltung teilnehmen sollen \u2014 geplant waren au\u00dferdem ein Treffen mit dem B\u00fcrgermeister und eines mit dem [&hellip;]<\/p>","protected":false},"author":1,"featured_media":0,"comment_status":"open","ping_status":"open","sticky":false,"template":"","format":"standard","meta":{"_crdt_document":"","ngg_post_thumbnail":0,"_jetpack_memberships_contains_paid_content":false,"footnotes":""},"categories":[1],"tags":[],"class_list":["post-67930","post","type-post","status-publish","format-standard","hentry","category-allgemein","entity-eugh","entity-junts","entity-staat-italien","issue-1o2017","location-catalunya","location-italy","location-lalguer","location-sardigna","language-deutsch","person-carles-puigdemont","topic-grundrechte","topic-politik","topic-polizei","topic-recht","topic-repression"],"jetpack_featured_media_url":"","jetpack_sharing_enabled":true,"_links":{"self":[{"href":"https:\/\/www.brennerbasisdemokratie.eu\/index.php?rest_route=\/wp\/v2\/posts\/67930","targetHints":{"allow":["GET"]}}],"collection":[{"href":"https:\/\/www.brennerbasisdemokratie.eu\/index.php?rest_route=\/wp\/v2\/posts"}],"about":[{"href":"https:\/\/www.brennerbasisdemokratie.eu\/index.php?rest_route=\/wp\/v2\/types\/post"}],"author":[{"embeddable":true,"href":"https:\/\/www.brennerbasisdemokratie.eu\/index.php?rest_route=\/wp\/v2\/users\/1"}],"replies":[{"embeddable":true,"href":"https:\/\/www.brennerbasisdemokratie.eu\/index.php?rest_route=%2Fwp%2Fv2%2Fcomments&post=67930"}],"version-history":[{"count":20,"href":"https:\/\/www.brennerbasisdemokratie.eu\/index.php?rest_route=\/wp\/v2\/posts\/67930\/revisions"}],"predecessor-version":[{"id":78124,"href":"https:\/\/www.brennerbasisdemokratie.eu\/index.php?rest_route=\/wp\/v2\/posts\/67930\/revisions\/78124"}],"wp:attachment":[{"href":"https:\/\/www.brennerbasisdemokratie.eu\/index.php?rest_route=%2Fwp%2Fv2%2Fmedia&parent=67930"}],"wp:term":[{"taxonomy":"category","embeddable":true,"href":"https:\/\/www.brennerbasisdemokratie.eu\/index.php?rest_route=%2Fwp%2Fv2%2Fcategories&post=67930"},{"taxonomy":"post_tag","embeddable":true,"href":"https:\/\/www.brennerbasisdemokratie.eu\/index.php?rest_route=%2Fwp%2Fv2%2Ftags&post=67930"}],"curies":[{"name":"wp","href":"https:\/\/api.w.org\/{rel}","templated":true}]}}