{"id":67956,"date":"2021-09-26T23:57:24","date_gmt":"2021-09-26T21:57:24","guid":{"rendered":"https:\/\/www.brennerbasisdemokratie.eu\/?p=67956"},"modified":"2025-06-02T21:19:36","modified_gmt":"2025-06-02T19:19:36","slug":"ssw-schafft-sensation","status":"publish","type":"post","link":"https:\/\/www.brennerbasisdemokratie.eu\/?p=67956","title":{"rendered":"SSW schafft Sensation."},"content":{"rendered":"<p>Bei der heutigen Bundestagswahl gelang dem <em>S\u00fcdschleswigschen W\u00e4hlerverband<\/em> (SSW) mit an Sicherheit grenzender Wahrscheinlichkeit \u2014 zum ersten Mal seit 1949 \u2014 der Sprung ins f\u00f6derale Parlament.<\/p>\n<p>Die Partei der d\u00e4nischen und friesischen Minderheit ist grunds\u00e4tzlich von der 5-Prozent-H\u00fcrde befreit, weshalb es reicht, dass sie die mathematisch f\u00fcr einen Sitz notwendigen Stimmen auf sich vereint. Da dies nach 1949 nicht mehr gelang, trat das B\u00fcndnis zun\u00e4chst seit 1961 nicht mehr zu Bundeswahlen an.<\/p>\n<p>Erst 2020 beschloss der Parteitag mehrheitlich die erneute Kandidatur.&nbsp;Sollte sich der Traum des Wiedereinzugs tats\u00e4chlich auf Anhieb verwirklichen, will der SSW im Bundestag als Sprachrohr aller Minderheiten auftreten, um ihren Anliegen Sichtbarkeit zu verleihen.<\/p>\n<p>Einer Fraktion will sich die Partei vorerst nicht anschlie\u00dfen.<\/p>\n<p><strong><span style=\"font-family: Helvetica, Arial, sans-serif; text-transform: uppercase;\">C\u00ebla enghe:<\/span><\/strong> <a title=\"SSW: Tabu gebrochen.\" href=\"https:\/\/www.brennerbasisdemokratie.eu\/?p=11760\"><code>01<\/code><\/a> <a title=\"SSW und SP fordern Kommiss\u00e4rin f\u00fcr Minderheiten.\" href=\"https:\/\/www.brennerbasisdemokratie.eu\/?p=40577\"><code>02<\/code><\/a> <span style=\"font-family: Helvetica, Arial, sans-serif; font-weight: normal;\">||<\/span> <a title=\"Traumergebnis f\u00fcr den SSW.\" href=\"https:\/\/www.brennerbasisdemokratie.eu\/?p=72189\" rel=\"\"><span style=\"color: #ff8c00\"><code>01<\/code><\/span><\/a> <a title=\"Der SSW bleibt im Bundestag.\" href=\"https:\/\/www.brennerbasisdemokratie.eu\/?p=90512\"><span style=\"color: #ff8c00\"><code>02<\/code><\/span><\/a><\/p>","protected":false},"excerpt":{"rendered":"<p>Bei der heutigen Bundestagswahl gelang dem S\u00fcdschleswigschen W\u00e4hlerverband (SSW) mit an Sicherheit grenzender Wahrscheinlichkeit \u2014 zum ersten Mal seit 1949 \u2014 der Sprung ins f\u00f6derale Parlament. Die Partei der d\u00e4nischen und friesischen Minderheit ist grunds\u00e4tzlich von der 5-Prozent-H\u00fcrde befreit, weshalb es reicht, dass sie die mathematisch f\u00fcr einen Sitz notwendigen Stimmen auf sich vereint. Da [&hellip;]<\/p>","protected":false},"author":1,"featured_media":0,"comment_status":"open","ping_status":"open","sticky":false,"template":"","format":"standard","meta":{"_crdt_document":"","ngg_post_thumbnail":0,"_jetpack_memberships_contains_paid_content":false,"footnotes":""},"categories":[1],"tags":[],"class_list":["post-67956","post","type-post","status-publish","format-standard","hentry","category-allgemein","issue-good-news","issue-wahlen","location-deutschland","location-schleswig-holstein","language-deutsch","topic-friesinnen","topic-minderheitenschutz","topic-politik"],"jetpack_featured_media_url":"","jetpack_sharing_enabled":true,"_links":{"self":[{"href":"https:\/\/www.brennerbasisdemokratie.eu\/index.php?rest_route=\/wp\/v2\/posts\/67956","targetHints":{"allow":["GET"]}}],"collection":[{"href":"https:\/\/www.brennerbasisdemokratie.eu\/index.php?rest_route=\/wp\/v2\/posts"}],"about":[{"href":"https:\/\/www.brennerbasisdemokratie.eu\/index.php?rest_route=\/wp\/v2\/types\/post"}],"author":[{"embeddable":true,"href":"https:\/\/www.brennerbasisdemokratie.eu\/index.php?rest_route=\/wp\/v2\/users\/1"}],"replies":[{"embeddable":true,"href":"https:\/\/www.brennerbasisdemokratie.eu\/index.php?rest_route=%2Fwp%2Fv2%2Fcomments&post=67956"}],"version-history":[{"count":12,"href":"https:\/\/www.brennerbasisdemokratie.eu\/index.php?rest_route=\/wp\/v2\/posts\/67956\/revisions"}],"predecessor-version":[{"id":92565,"href":"https:\/\/www.brennerbasisdemokratie.eu\/index.php?rest_route=\/wp\/v2\/posts\/67956\/revisions\/92565"}],"wp:attachment":[{"href":"https:\/\/www.brennerbasisdemokratie.eu\/index.php?rest_route=%2Fwp%2Fv2%2Fmedia&parent=67956"}],"wp:term":[{"taxonomy":"category","embeddable":true,"href":"https:\/\/www.brennerbasisdemokratie.eu\/index.php?rest_route=%2Fwp%2Fv2%2Fcategories&post=67956"},{"taxonomy":"post_tag","embeddable":true,"href":"https:\/\/www.brennerbasisdemokratie.eu\/index.php?rest_route=%2Fwp%2Fv2%2Ftags&post=67956"}],"curies":[{"name":"wp","href":"https:\/\/api.w.org\/{rel}","templated":true}]}}