{"id":67994,"date":"2021-09-27T20:03:05","date_gmt":"2021-09-27T18:03:05","guid":{"rendered":"https:\/\/www.brennerbasisdemokratie.eu\/?p=67994"},"modified":"2023-06-11T16:48:28","modified_gmt":"2023-06-11T14:48:28","slug":"berlin-will-enteignen","status":"publish","type":"post","link":"https:\/\/www.brennerbasisdemokratie.eu\/?p=67994","title":{"rendered":"Berlin will enteignen."},"content":{"rendered":"<p>Parallel zur Wahl des Bundestags sowie zum Abgeordnetenhaus des Landes Berlin waren die Einwohnerinnen der deutschen Hauptstadt gestern dazu aufgerufen, sich zur \u00dcberf\u00fchrung von Immobilien in Gemeineigentum zu \u00e4u\u00dfern. Betroffen w\u00e4ren von dem nicht bindenden Volksbegehren s\u00e4mtliche privaten Wohnungsunternehmen mit \u00fcber 3.000 Wohnungen \u2014 was insgesamt rund 240.000 von etwa 1,5 Millionen Wohnungen im Land Berlin betr\u00e4fe.<\/p>\n<p>Das Votum der Berlinerinnen war diesbez\u00fcglich von \u00fcberraschender Deutlichkeit: \u00fcber 56% der Abstimmenden bef\u00fcrworteten die Initiative, 39% lehnten sie ab. Somit ergeht an die neue Landesregierung \u2014 den Senat \u2014 auch gleich ein klarer Auftrag, in dieser Angelegenheit t\u00e4tig zu werden, um Wohnraum der Spekulation und dem Profit zu entziehen.<\/p>\n<p>Im Vorfeld der Landeswahl hatte <abbr title=\"Sozialdemokratische Partei Deutschlands\">SPD<\/abbr>-Spitzenkandidatin Franziska Giffey noch verk\u00fcndet, eine Vergesellschaftung werde es mit ihr nicht geben. Nun will die wohl baldige neue B\u00fcrgermeisterin von Berlin zumindest die rechtliche Umsetzbarkeit des Vorhabens pr\u00fcfen lassen. Die knapp unterlegene Spitzenkandidatin der <em>Gr\u00fcnen,<\/em> Bettina Jarasch, k\u00fcndigte an, das Ergebnis des Volksbegehrens in die Koalitionsverhandlungen einbringen zu wollen.<\/p>\n<p>Einen von der rot-rot-gr\u00fcnen Koalition 2020 beschlossenen Mietendeckel hatte das Bundesverfassungsgericht im M\u00e4rz 2021 gekippt.<\/p>\n<p>Wie auch immer die konkrete L\u00f6sung aussieht, der Ausgang des Volksbegehrens zeigt klar, dass die Bev\u00f6lkerung beim Wohnraum akuten Handlungsbedarf sieht.<\/p>\n<p><strong><span style=\"font-family: Helvetica, Arial, sans-serif; text-transform: uppercase;\">C\u00ebla enghe:<\/span><\/strong> <a title=\"Mit der GIS zu mehr Wohnraum.\" href=\"https:\/\/www.brennerbasisdemokratie.eu\/?p=55297\" rel=\"\"><code>01<\/code><\/a> <a title=\"Migranc y speculanc.\" href=\"https:\/\/www.brennerbasisdemokratie.eu\/?p=42914\" rel=\"\"><code>02<\/code><\/a> <a title=\"Teilstopp dem Ausverkauf.\" href=\"https:\/\/www.brennerbasisdemokratie.eu\/?p=42896\" rel=\"\"><code>03<\/code><\/a> <span style=\"font-family: Helvetica, Arial, sans-serif; font-weight: normal;\">||<\/span> <a href=\"https:\/\/www.brennerbasisdemokratie.eu\/?p=78805\" title=\"Katalonien enteignet Leerstand.\"><span style=\"color: #ff8c00\"><code>01<\/code><\/span><\/a><\/p>","protected":false},"excerpt":{"rendered":"<p>Parallel zur Wahl des Bundestags sowie zum Abgeordnetenhaus des Landes Berlin waren die Einwohnerinnen der deutschen Hauptstadt gestern dazu aufgerufen, sich zur \u00dcberf\u00fchrung von Immobilien in Gemeineigentum zu \u00e4u\u00dfern. Betroffen w\u00e4ren von dem nicht bindenden Volksbegehren s\u00e4mtliche privaten Wohnungsunternehmen mit \u00fcber 3.000 Wohnungen \u2014 was insgesamt rund 240.000 von etwa 1,5 Millionen Wohnungen im Land [&hellip;]<\/p>","protected":false},"author":1,"featured_media":0,"comment_status":"open","ping_status":"open","sticky":false,"template":"","format":"standard","meta":{"_crdt_document":"","ngg_post_thumbnail":0,"_jetpack_memberships_contains_paid_content":false,"footnotes":""},"categories":[1],"tags":[],"class_list":["post-67994","post","type-post","status-publish","format-standard","hentry","category-allgemein","entity-spd","entity-verc","issue-good-news","location-deutschland","language-deutsch","topic-arch","topic-mitbestimmung","topic-politik","topic-recht","topic-soziales","topic-wirtschaft"],"jetpack_featured_media_url":"","jetpack_sharing_enabled":true,"_links":{"self":[{"href":"https:\/\/www.brennerbasisdemokratie.eu\/index.php?rest_route=\/wp\/v2\/posts\/67994","targetHints":{"allow":["GET"]}}],"collection":[{"href":"https:\/\/www.brennerbasisdemokratie.eu\/index.php?rest_route=\/wp\/v2\/posts"}],"about":[{"href":"https:\/\/www.brennerbasisdemokratie.eu\/index.php?rest_route=\/wp\/v2\/types\/post"}],"author":[{"embeddable":true,"href":"https:\/\/www.brennerbasisdemokratie.eu\/index.php?rest_route=\/wp\/v2\/users\/1"}],"replies":[{"embeddable":true,"href":"https:\/\/www.brennerbasisdemokratie.eu\/index.php?rest_route=%2Fwp%2Fv2%2Fcomments&post=67994"}],"version-history":[{"count":7,"href":"https:\/\/www.brennerbasisdemokratie.eu\/index.php?rest_route=\/wp\/v2\/posts\/67994\/revisions"}],"predecessor-version":[{"id":78808,"href":"https:\/\/www.brennerbasisdemokratie.eu\/index.php?rest_route=\/wp\/v2\/posts\/67994\/revisions\/78808"}],"wp:attachment":[{"href":"https:\/\/www.brennerbasisdemokratie.eu\/index.php?rest_route=%2Fwp%2Fv2%2Fmedia&parent=67994"}],"wp:term":[{"taxonomy":"category","embeddable":true,"href":"https:\/\/www.brennerbasisdemokratie.eu\/index.php?rest_route=%2Fwp%2Fv2%2Fcategories&post=67994"},{"taxonomy":"post_tag","embeddable":true,"href":"https:\/\/www.brennerbasisdemokratie.eu\/index.php?rest_route=%2Fwp%2Fv2%2Ftags&post=67994"}],"curies":[{"name":"wp","href":"https:\/\/api.w.org\/{rel}","templated":true}]}}